{"id":1591,"date":"2025-11-21T10:07:36","date_gmt":"2025-11-21T10:07:36","guid":{"rendered":"https:\/\/lightskyblue-grasshopper-667170.hostingersite.com\/?p=1591"},"modified":"2026-02-19T13:24:56","modified_gmt":"2026-02-19T13:24:56","slug":"thad-kostar-ad-menga-thu-sparar-a-ad-menga-minna","status":"publish","type":"post","link":"https:\/\/samal.is\/en\/thad-kostar-ad-menga-thu-sparar-a-ad-menga-minna\/","title":{"rendered":"\u00dea\u00f0 kostar a\u00f0 menga, \u00fe\u00fa sparar \u00e1 a\u00f0 menga minna"},"content":{"rendered":"<div data-elementor-type=\"wp-post\" data-elementor-id=\"1591\" class=\"elementor elementor-1591\" data-elementor-post-type=\"post\">\n\t\t\t\t<div class=\"elementor-element elementor-element-219c9481 e-flex e-con-boxed e-con e-parent\" data-id=\"219c9481\" data-element_type=\"container\" data-e-type=\"container\">\n\t\t\t\t\t<div class=\"e-con-inner\">\n\t\t\t\t<div class=\"elementor-element elementor-element-18ab9316 elementor-widget elementor-widget-text-editor\" data-id=\"18ab9316\" data-element_type=\"widget\" data-e-type=\"widget\" data-widget_type=\"text-editor.default\">\n\t\t\t\t\t\t\t\t\t<div class=\"wp-block-group\"><p><\/p><p>Hi\u00f0 svokalla\u00f0a ETS-kerfi er vi\u00f0skipta<img fetchpriority=\"high\" decoding=\"async\" class=\"size-medium wp-image-1859 alignleft\" src=\"https:\/\/lightskyblue-grasshopper-667170.hostingersite.com\/wp-content\/uploads\/2026\/02\/samal_gudridur-1-300x200.jpg\" alt=\"\" width=\"300\" height=\"200\" srcset=\"https:\/\/samal.is\/wp-content\/uploads\/2026\/02\/samal_gudridur-1-300x200.jpg 300w, https:\/\/samal.is\/wp-content\/uploads\/2026\/02\/samal_gudridur-1-1024x683.jpg 1024w, https:\/\/samal.is\/wp-content\/uploads\/2026\/02\/samal_gudridur-1-768x512.jpg 768w, https:\/\/samal.is\/wp-content\/uploads\/2026\/02\/samal_gudridur-1-1536x1024.jpg 1536w, https:\/\/samal.is\/wp-content\/uploads\/2026\/02\/samal_gudridur-1-2048x1366.jpg 2048w, https:\/\/samal.is\/wp-content\/uploads\/2026\/02\/samal_gudridur-1-18x12.jpg 18w\" sizes=\"(max-width: 300px) 100vw, 300px\" \/>kerfi me\u00f0 kolefniseiningar; verkf\u00e6ri \u00ed bar\u00e1ttunni gegn hl\u00fdnun jar\u00f0ar. Kerfinu er m.a. \u00e6tla\u00f0 a\u00f0 \u00fer\u00fdsta \u00e1 i\u00f0na\u00f0 \u00ed Evr\u00f3pu a\u00f0 draga eins og kostur er \u00far losun gr\u00f3\u00f0urh\u00fasalofttegunda. Hvert tonn af koltv\u00eds\u00fdrings\u00edgildum sem losnar vegna \u00feeirrar atvinnustarfsemi sem undir kerfi\u00f0 fellur, f\u00e6r \u00feannig ver\u00f0mi\u00f0a. \u00deannig geta einingarnar gengi\u00f0 kaupum og s\u00f6lum, fyrirt\u00e6ki sem eykur losun \u00fearf a\u00f0 kaupa heimildir og fyrirt\u00e6ki sem tekst a\u00f0 draga \u00far sinni losun getur \u00feannig selt umfram heimildir, \u00fea\u00f0 kostar a\u00f0 menga, \u00fe\u00fa sparar \u00e1 a\u00f0 menga minna.\u00deeim fj\u00e1rmunum sem renna \u00ed opinbera sj\u00f3\u00f0i vegna kerfisins er \u00e6tla\u00f0, samkv\u00e6mt regluger\u00f0inni, a\u00f0 sty\u00f0ja vi\u00f0 ranns\u00f3knir og \u00fer\u00f3un sem og fj\u00e1rfestingar \u00ed t\u00e6kni sem skilar okkur hra\u00f0ar \u00ed \u00e1tt a\u00f0 kolefnishlutleysi. \u00deessi skylda hv\u00edlir \u00e1 ESB r\u00edkjunum en fyrir \u00cdsland er \u00feetta valfrj\u00e1lst \u00fear sem \u00cdsland tekur kerfi\u00f0 upp \u00e1 grundvelli samningsins um Evr\u00f3pska efnahagssv\u00e6\u00f0i\u00f0.<\/p><p><\/p><\/div><p><!-- \/wp:group --><!-- wp:paragraph --><\/p><p><!-- \/wp:paragraph --><!-- wp:heading {\"level\":4} --><\/p><h4 class=\"wp-block-heading\">\u00cdslensk \u00e1lframlei\u00f0sla hefur l\u00e6gst kolefnisspor \u00ed heimi<\/h4><p><!-- \/wp:heading --><!-- wp:paragraph --><\/p><p>\u00c1 \u00cdslandi er \u00e1l framleitt me\u00f0 100% endurn\u00fdjanlegum orkugj\u00f6fum og er \u00fev\u00ed losun vegna \u00e1lframlei\u00f0slu \u00e1 \u00cdslandi me\u00f0 \u00fev\u00ed l\u00e6gsta sem \u00feekkist \u00ed heiminum \u00f6llum. S\u00e1 koltv\u00eds\u00fdringur sem ver\u00f0ur til vi\u00f0 \u00e1lframlei\u00f0sluna \u00e1 \u00cdslandi er \u00fev\u00ed til kominn vegna efnahvarfs s\u00far\u00e1ls vi\u00f0 kolaskaut \u00ed kersk\u00e1lum \u00e1lveranna.<\/p><p><!-- \/wp:paragraph --><!-- wp:paragraph --><\/p><p>\u00cdslensku \u00e1lverin falla undir ETS-kerfi\u00f0 og grei\u00f0a \u00feannig verulega kolefnisskatta. En reyndin er s\u00fa a\u00f0 mi\u00f0a\u00f0 vi\u00f0 \u00fe\u00e1 t\u00e6kni sem er a\u00f0gengileg til i\u00f0na\u00f0ar \u00ed dag er ekki h\u00e6gt a\u00f0 draga meira \u00far kolefnisspori \u00e1lframlei\u00f0slu \u00e1 \u00cdslandi. \u00dea\u00f0 er ekki h\u00e6gt.<\/p><p><!-- \/wp:paragraph --><!-- wp:heading {\"level\":4} --><\/p><h4 class=\"wp-block-heading\">Hversu langt er \u00ed kolefnishlutleysi r\u00e6\u00f0st af fj\u00e1rmagni<\/h4><p><!-- \/wp:heading --><!-- wp:paragraph {\"TrpContentRestriction\":{\"restriction_type\":\"include\",\"selected_languages\":[],\"panel_open\":true}} --><\/p><p>\u00cd \u00fer\u00f3un eru sem betur fer einkum tv\u00e6r lei\u00f0ir, annars vegar a\u00f0 framlei\u00f0a \u00e1l me\u00f0 svok\u00f6llu\u00f0um e\u00f0alrafskautum sem losa engan koltv\u00eds\u00fdring og svo hins vegar t\u00e6kni til a\u00f0 fanga koltv\u00eds\u00fdring \u00far \u00fatbl\u00e6stri \u00e1lveranna og \u00ed framhaldinu binda varanlega.\u00deessar tv\u00e6r lei\u00f0ir eru \u00fe\u00e6r einu \u00ed sj\u00f3nm\u00e1li sem geta gert \u00e1lframlei\u00f0slu \u00e1 \u00cdslandi kolefnishlutlausa. \u00de\u00f3tt mikilv\u00e6g skref hafi veri\u00f0 stigin \u00ed \u00fer\u00f3un \u00feessarar t\u00e6kni er enn talsvert langt \u00ed land me\u00f0 a\u00f0 h\u00fan ver\u00f0i n\u00fdtanleg \u00ed framlei\u00f0sluferlum \u00e1lveranna. T\u00edmalengdin r\u00e6\u00f0st af \u00fev\u00ed fj\u00e1rmagni sem er lagt \u00ed ranns\u00f3knir og \u00fer\u00f3un \u00e1 \u00feessari t\u00e6kni.<\/p><p><!-- \/wp:paragraph --><!-- wp:heading {\"level\":4} --><\/p><h4 class=\"wp-block-heading\">N\u00falli\u00f0 n\u00e6st me\u00f0 auknum t\u00e6kni\u00feroska<\/h4><p><!-- \/wp:heading --><!-- wp:paragraph --><\/p><p>Og \u00fe\u00e1 komum vi\u00f0 a\u00f0 kjarnanum \u00ed \u00feessu \u00f6llu saman: Kolefnissk\u00f6ttum \u00e1, samkv\u00e6mt \u00feeim regluger\u00f0um sem \u00feeir hv\u00edla \u00e1, a\u00f0 verja \u00ed ranns\u00f3knir og \u00fer\u00f3un \u00e1 t\u00e6kni sem l\u00e6kkar kolefnisspor \u00ed i\u00f0na\u00f0i. \u00dea\u00f0 er eina lei\u00f0in til \u00e1rangurs, en \u00e1\u00e6tla\u00f0 \u00fearf a\u00f0 l\u00e1gmarki um 33 milljar\u00f0a evra fj\u00e1rfestingar \u00ed t\u00e6kni sem gerir \u00e1lframlei\u00f0slu kolefnishlutausa fyrir \u00e1ri\u00f0 2050. \u00c1 \u00cdslandi rennur einungis l\u00edti\u00f0 brot \u00feessara skatta til ranns\u00f3kna og \u00fer\u00f3unar \u00e1 kolefnisv\u00e6nni lausnum.<\/p><p><!-- \/wp:paragraph --><!-- wp:paragraph --><\/p><p>\u00cdslensku \u00e1lverin hafa enga m\u00f6guleika \u00e1 \u00fev\u00ed a\u00f0 l\u00e6kka \u201ekolefnisreikninga s\u00edna\u201c fyrr en me\u00f0 auknum t\u00e6kni\u00feroska. Sem fyrr segir er langt \u00ed land og \u00feanga\u00f0 til er \u00feessi skattlagning \u00e1n innist\u00e6\u00f0u h\u00e9rlendis.<\/p><p><!-- \/wp:paragraph --><!-- wp:paragraph --><\/p><p>Umhverfisdagur atvinnul\u00edfsins ver\u00f0ur haldinn \u00e1 H\u00f3tel Nordica \u00e1 m\u00e1nudaginn undir yfirskriftinni \u201eFr\u00e1 yfirl\u00fdsingum til \u00e1rangurs\u201c Hann er \u00f6llum opinn sem skr\u00e1 sig. \u00dear ver\u00f0ur me\u00f0al annars fjalla\u00f0 um samkeppnish\u00e6fi \u00edslensks atvinnul\u00edfs \u00ed samhengi vi\u00f0 umhverfisskatta.<\/p><p><!-- \/wp:paragraph --><!-- wp:paragraph --><\/p><p><em>H\u00f6fundur er framkv\u00e6mdastj\u00f3ri Sam\u00e1ls.\u00a0<\/em><\/p><p><!-- \/wp:paragraph --><!-- wp:paragraph --><\/p><p><!-- \/wp:paragraph --><\/p>\t\t\t\t\t\t\t\t<\/div>\n\t\t\t\t\t<\/div>\n\t\t\t\t<\/div>\n\t\t\t\t<\/div>","protected":false},"excerpt":{"rendered":"<p>Hi\u00f0 svokalla\u00f0a ETS-kerfi er vi\u00f0skiptakerfi me\u00f0 kolefniseiningar; verkf\u00e6ri \u00ed bar\u00e1ttunni gegn hl\u00fdnun jar\u00f0ar. Kerfinu er m.a. \u00e6tla\u00f0 a\u00f0 \u00fer\u00fdsta \u00e1 i\u00f0na\u00f0 \u00ed Evr\u00f3pu a\u00f0 draga eins og kostur er \u00far losun gr\u00f3\u00f0urh\u00fasalofttegunda. Hvert tonn af koltv\u00eds\u00fdrings\u00edgildum sem losnar vegna \u00feeirrar atvinnustarfsemi sem undir kerfi\u00f0 fellur, f\u00e6r \u00feannig ver\u00f0mi\u00f0a. \u00deannig geta einingarnar gengi\u00f0 kaupum og s\u00f6lum, [&hellip;]<\/p>","protected":false},"author":2,"featured_media":0,"comment_status":"open","ping_status":"open","sticky":false,"template":"","format":"standard","meta":{"site-sidebar-layout":"default","site-content-layout":"","ast-site-content-layout":"default","site-content-style":"default","site-sidebar-style":"default","ast-global-header-display":"","ast-banner-title-visibility":"","ast-main-header-display":"","ast-hfb-above-header-display":"","ast-hfb-below-header-display":"","ast-hfb-mobile-header-display":"","site-post-title":"","ast-breadcrumbs-content":"","ast-featured-img":"","footer-sml-layout":"","ast-disable-related-posts":"","theme-transparent-header-meta":"","adv-header-id-meta":"","stick-header-meta":"","header-above-stick-meta":"","header-main-stick-meta":"","header-below-stick-meta":"","astra-migrate-meta-layouts":"set","ast-page-background-enabled":"default","ast-page-background-meta":{"desktop":{"background-color":"","background-image":"","background-repeat":"repeat","background-position":"center center","background-size":"auto","background-attachment":"scroll","background-type":"","background-media":"","overlay-type":"","overlay-color":"","overlay-opacity":"","overlay-gradient":""},"tablet":{"background-color":"","background-image":"","background-repeat":"repeat","background-position":"center center","background-size":"auto","background-attachment":"scroll","background-type":"","background-media":"","overlay-type":"","overlay-color":"","overlay-opacity":"","overlay-gradient":""},"mobile":{"background-color":"","background-image":"","background-repeat":"repeat","background-position":"center center","background-size":"auto","background-attachment":"scroll","background-type":"","background-media":"","overlay-type":"","overlay-color":"","overlay-opacity":"","overlay-gradient":""}},"ast-content-background-meta":{"desktop":{"background-color":"var(--ast-global-color-5)","background-image":"","background-repeat":"repeat","background-position":"center center","background-size":"auto","background-attachment":"scroll","background-type":"","background-media":"","overlay-type":"","overlay-color":"","overlay-opacity":"","overlay-gradient":""},"tablet":{"background-color":"var(--ast-global-color-5)","background-image":"","background-repeat":"repeat","background-position":"center center","background-size":"auto","background-attachment":"scroll","background-type":"","background-media":"","overlay-type":"","overlay-color":"","overlay-opacity":"","overlay-gradient":""},"mobile":{"background-color":"var(--ast-global-color-5)","background-image":"","background-repeat":"repeat","background-position":"center center","background-size":"auto","background-attachment":"scroll","background-type":"","background-media":"","overlay-type":"","overlay-color":"","overlay-opacity":"","overlay-gradient":""}},"footnotes":""},"categories":[14,8,9],"tags":[],"class_list":["post-1591","post","type-post","status-publish","format-standard","hentry","category-forsida","category-frettir","category-greinar"],"_links":{"self":[{"href":"https:\/\/samal.is\/en\/wp-json\/wp\/v2\/posts\/1591","targetHints":{"allow":["GET"]}}],"collection":[{"href":"https:\/\/samal.is\/en\/wp-json\/wp\/v2\/posts"}],"about":[{"href":"https:\/\/samal.is\/en\/wp-json\/wp\/v2\/types\/post"}],"author":[{"embeddable":true,"href":"https:\/\/samal.is\/en\/wp-json\/wp\/v2\/users\/2"}],"replies":[{"embeddable":true,"href":"https:\/\/samal.is\/en\/wp-json\/wp\/v2\/comments?post=1591"}],"version-history":[{"count":14,"href":"https:\/\/samal.is\/en\/wp-json\/wp\/v2\/posts\/1591\/revisions"}],"predecessor-version":[{"id":1966,"href":"https:\/\/samal.is\/en\/wp-json\/wp\/v2\/posts\/1591\/revisions\/1966"}],"wp:attachment":[{"href":"https:\/\/samal.is\/en\/wp-json\/wp\/v2\/media?parent=1591"}],"wp:term":[{"taxonomy":"category","embeddable":true,"href":"https:\/\/samal.is\/en\/wp-json\/wp\/v2\/categories?post=1591"},{"taxonomy":"post_tag","embeddable":true,"href":"https:\/\/samal.is\/en\/wp-json\/wp\/v2\/tags?post=1591"}],"curies":[{"name":"wp","href":"https:\/\/api.w.org\/{rel}","templated":true}]}}