{"id":1599,"date":"2025-12-11T13:12:25","date_gmt":"2025-12-11T13:12:25","guid":{"rendered":"https:\/\/lightskyblue-grasshopper-667170.hostingersite.com\/?p=1599"},"modified":"2025-12-18T13:47:44","modified_gmt":"2025-12-18T13:47:44","slug":"her-er-frett-um-eitthvad-merkilegt","status":"publish","type":"post","link":"https:\/\/samal.is\/en\/her-er-frett-um-eitthvad-merkilegt\/","title":{"rendered":"\u00c1l- og k\u00edsil\u00admarka\u00f0ir \u00ed hringi\u00f0u heims\u00adm\u00e1la"},"content":{"rendered":"<div data-elementor-type=\"wp-post\" data-elementor-id=\"1599\" class=\"elementor elementor-1599\" data-elementor-post-type=\"post\">\n\t\t\t\t<div class=\"elementor-element elementor-element-68538018 e-flex e-con-boxed e-con e-parent\" data-id=\"68538018\" data-element_type=\"container\" data-e-type=\"container\">\n\t\t\t\t\t<div class=\"e-con-inner\">\n\t\t\t\t<div class=\"elementor-element elementor-element-2f25bc39 elementor-widget elementor-widget-text-editor\" data-id=\"2f25bc39\" data-element_type=\"widget\" data-e-type=\"widget\" data-widget_type=\"text-editor.default\">\n\t\t\t\t\t\t\t\t\t\n<p>Vi\u00f0 \u00cdslendingar h\u00f6fum bori\u00f0 g\u00e6fu til \u00feess a\u00f0 f\u00e1 hinga\u00f0 til lands st\u00f6ndug og vel rekin fyrirt\u00e6ki \u00ed orkus\u00e6knum i\u00f0na\u00f0i. \u00deessi fyrirt\u00e6ki, sem eru st\u00f3rnotendur rafmagns fr\u00e1 Landsvirkjun, \u00feurfa um \u00feessar mundir a\u00f0 gl\u00edma vi\u00f0 s\u00edfellt fl\u00f3knara vi\u00f0skiptaumhverfi og \u00e6 har\u00f0ari samkeppni \u00ed breyttum heimi. \u00dea\u00f0 er \u00e1kve\u00f0i\u00f0 \u00e1hyggjuefni \u00ed lj\u00f3si \u00feess a\u00f0 vels\u00e6ld \u00edslensku \u00fej\u00f3\u00f0arinnar helst a\u00f0 miklu leyti \u00ed hendur vi\u00f0 velgengni \u00feessara mikilv\u00e6gu bur\u00f0arsto\u00f0a atvinnul\u00edfsins.<\/p>\n\n<p>Til vi\u00f0b\u00f3tar vi\u00f0 hef\u00f0bundna st\u00f3rnotendur hefur n\u00fd kynsl\u00f3\u00f0 vi\u00f0skiptavina rutt s\u00e9r til r\u00fams h\u00e9r \u00e1 landi, t.a.m. gagnaver og landeldisfyrirt\u00e6ki. \u00deessi aukna fj\u00f6lbreytni, sem byggist upp v\u00ed\u00f0a um land, er \u00ed takti vi\u00f0 \u00e1herslur stj\u00f3rnvalda \u00e1 \u00f6flugan v\u00f6xt \u00fatflutningstekna og h\u00e1framlei\u00f0nist\u00f6rf. \u00cd lj\u00f3si n\u00fdlegra atbur\u00f0a hefur mikilv\u00e6gi st\u00f3rnotenda fyrir \u00edslenskt hagkerfi og samf\u00e9lag s\u00fdnt sig me\u00f0 sk\u00fdrum h\u00e6tti.<\/p>\n\n<p>R\u00f3tgr\u00f3nir st\u00f3rnotendur \u00e1 \u00cdslandi hafa unni\u00f0 a\u00f0 \u00fev\u00ed a\u00f0 \u00fer\u00f3a v\u00f6ruframbo\u00f0 sitt yfir \u00ed vir\u00f0isaukandi v\u00f6rur, eins og s\u00e9st \u00e1 n\u00fdjum steypusk\u00e1la Nor\u00f0ur\u00e1ls. V\u00f6rur \u00far \u00e1l- og k\u00edsilafur\u00f0um eru grundvallarhr\u00e1efni fyrir breytta heimsmynd. \u00deessir m\u00e1lmar gegna lykilhlutverki \u00ed orkuskiptum, enda eru \u00feeir nau\u00f0synlegir \u00ed orkuinnvi\u00f0i \u00e1 bor\u00f0 vi\u00f0 s\u00f3larsellur, vindt\u00farb\u00ednur, rafl\u00ednur og rafhl\u00f6\u00f0ur. Jafnframt eru \u00feeir lykilm\u00e1lmar \u00ed varnar- og \u00f6ryggism\u00e1lum. \u00dea\u00f0 er ekki tilviljun a\u00f0 Evr\u00f3pusambandi\u00f0 hefur skilgreint \u00e1l og k\u00edsilm\u00e1lma sem \u00fej\u00f3\u00f0hagslega mikilv\u00e6ga m\u00e1lma. Vi\u00f0 erum stolt af \u00feessum i\u00f0na\u00f0i, sem stendur keikur h\u00e9r \u00e1 landi \u00fer\u00e1tt fyrir t\u00edmabundin \u00e1f\u00f6ll \u00e1 m\u00f6rku\u00f0um.<\/p>\n\n<h5 class=\"wp-block-heading\"><span style=\"color: #ea5b0a;\">\u00c1skoranir \u00e1 m\u00f6rku\u00f0um<\/span><\/h5>\n\n<p>Vi\u00f0 \u00cdslendingar erum \u00ed hringi\u00f0u heimsm\u00e1la og vi\u00f0 ver\u00f0um a\u00f0 horfast \u00ed augu vi\u00f0 \u00fe\u00e1 sta\u00f0reynd a\u00f0 \u00e1kvar\u00f0anir st\u00f3rvelda \u00e1 bor\u00f0 vi\u00f0 Bandar\u00edkin, K\u00edna og Evr\u00f3pusambandi\u00f0 hafa bein \u00e1hrif \u00e1 framlei\u00f0endur h\u00e9r \u00e1 landi. \u00dea\u00f0 er \u00fev\u00ed sameiginlegt verkefni okkar allra a\u00f0 tryggja samkeppnish\u00e6fni st\u00f3rnotenda \u00e1 \u00cdslandi.<\/p>\n\n<p>\u00c1lframlei\u00f0sla \u00ed heiminum, sem kemur a\u00f0 60% fr\u00e1 K\u00edna, hefur \u00ferefaldast fr\u00e1 aldam\u00f3tum. Sp\u00e1\u00f0 er \u00e1framhaldandi vexti eftirspurnar en h\u00f3flegum vexti \u00ed frumframlei\u00f0slu vegna endurvinnslu \u00e1ls. \u00cd Bandar\u00edkjunum og Evr\u00f3pu hefur framlei\u00f0sla dregist saman vegna h\u00e1s raforkuver\u00f0s, \u00e1 me\u00f0an sta\u00f0an hefur styrkst \u00ed Noregi og \u00e1 \u00cdslandi.<\/p>\n\n<p>Marka\u00f0sa\u00f0st\u00e6\u00f0ur fyrir k\u00edsilm\u00e1lm hafa hins vegar veri\u00f0 afar krefjandi vegna offrambo\u00f0s fr\u00e1 K\u00edna, sem hefur leitt til l\u00e1gs marka\u00f0sver\u00f0s, enda getur k\u00ednversk framlei\u00f0sla anna\u00f0 n\u00e6r tv\u00f6faldri allri heims\u00fe\u00f6rfinni fyrir k\u00edsilm\u00e1lm.<\/p>\n\n<p>N\u00fdleg \u00e1kv\u00f6r\u00f0un ESB um a\u00f0 setja verndartoll \u00e1 k\u00edsilj\u00e1rn, \u00fear sem \u00cdsland og Noregur voru ekki undanskilin, er gott d\u00e6mi um \u00feessar \u00e1skoranir. Tollunum er \u00e6tla\u00f0 a\u00f0 vernda evr\u00f3pska framlei\u00f0endur fyrir \u00f3d\u00fdru k\u00edsilj\u00e1rni. Elkem \u00e1 \u00cdslandi, eini framlei\u00f0andi k\u00edsilj\u00e1rns \u00e1 \u00cdslandi, framlei\u00f0ir um 100.000 tonn \u00e1 \u00e1ri. Tollfrj\u00e1ls kv\u00f3ti fyrir \u00cdsland er 53.000 tonn \u00e1 \u00e1ri, sem fer n\u00e6rri \u00fev\u00ed a\u00f0 duga fyrir s\u00f6lu fyrirt\u00e6kisins til Evr\u00f3pu. Sala umfram kv\u00f3tann er hins vegar \u00f3hagst\u00e6\u00f0 framlei\u00f0endum vegna h\u00e1rra tolla sem reiknast af mismuninum \u00e1 vi\u00f0mi\u00f0unarver\u00f0i og marka\u00f0sver\u00f0i. \u00deessi verndartollur hefur \u00fe\u00f3 \u00feegar leitt til ver\u00f0h\u00e6kkunar \u00e1 k\u00edsilj\u00e1rni og spennandi ver\u00f0ur a\u00f0 fylgjast me\u00f0 framhaldinu.<\/p>\n\n<h4 class=\"wp-block-heading\"><span style=\"color: #ea5b0a;\">Hva\u00f0 er \u00ed okkar h\u00f6ndum?<\/span><\/h4>\n\n<p>Samkeppnish\u00e6fni okkar hefur dregist aftur \u00far samanbur\u00f0arl\u00f6ndum undanfarin \u00e1r og \u00feess vegna er nau\u00f0synlegt a\u00f0 leggja \u00e1herslu \u00e1 \u00fe\u00e1 \u00fe\u00e6tti sem eru raunverulega \u00ed okkar h\u00f6ndum:<\/p>\n\n<ul class=\"wp-block-list\">\n<li>Hagkv\u00e6mni orkukerfisins: St\u00f3rnotendur \u00feurfa hagkv\u00e6mt orku- og flutningskerfi. \u00dea\u00f0 krefst \u00feess a\u00f0 m\u00f6gulegt s\u00e9 a\u00f0 n\u00fdta al\u00fej\u00f3\u00f0lega samkeppnish\u00e6fa orkukosti og a\u00f0 flutningskostna\u00f0ur raforku s\u00e9 l\u00e1gmarka\u00f0ur.<\/li>\n\n<li>St\u00f6\u00f0ugleiki \u00ed vi\u00f0skiptaumhverfi: Vi\u00f0 \u00feurfum a\u00f0 tryggja a\u00f0 st\u00f3rnotendum bj\u00f3\u00f0ist \u00e1fram langt\u00edmasamningar sem tryggja rekstrarskilyr\u00f0i til lengri t\u00edma. St\u00f6\u00f0ugleiki er n\u00famer eitt, tv\u00f6 og \u00ferj\u00fa.<\/li>\n<\/ul>\n\n<p>Vi\u00f0 \u00feurfum einnig a\u00f0 horfa til ytri \u00e1hrifa\u00fe\u00e1tta. \u00c1kvar\u00f0anir annarra r\u00edkja hafa einnig \u00e1hrif \u00e1 samkeppnish\u00e6fni okkar, t.d. ni\u00f0urgrei\u00f0slur til raforkuframlei\u00f0enda og notenda og vi\u00f0skiptahindranir \u00e1 bor\u00f0 vi\u00f0 tolla. \u00dear ver\u00f0a stj\u00f3rnv\u00f6ld a\u00f0 vera \u00e1 ver\u00f0i og verja hagsmuni okkar.<\/p>\n\n<p>\u00cd kapphlaupinu um samkeppnish\u00e6fni \u00fearf st\u00f6\u00f0ugt a\u00f0 vera \u00e1 var\u00f0bergi. Vi\u00f0 \u00feurfum a\u00f0 efla \u00feau atri\u00f0i sem vi\u00f0 stj\u00f3rnum og verja hagsmuni okkar \u00feegar kemur a\u00f0 \u00e1kv\u00f6r\u00f0unum annarra.<\/p>\n\n<p><em>Tinna Traustad\u00f3ttir,\u00a0 framkv\u00e6mdastj\u00f3ri S\u00f6lu og \u00fej\u00f3nustu hj\u00e1 Landsvirkjun<\/em><\/p>\n\n<p><em>Greint birt \u00e1 visi.is 12. desember 2025<\/em><\/p>\n\t\t\t\t\t\t\t\t<\/div>\n\t\t\t\t\t<\/div>\n\t\t\t\t<\/div>\n\t\t\t\t<\/div>","protected":false},"excerpt":{"rendered":"<p>Vi\u00f0 \u00cdslendingar h\u00f6fum bori\u00f0 g\u00e6fu til \u00feess a\u00f0 f\u00e1 hinga\u00f0 til lands st\u00f6ndug og vel rekin fyrirt\u00e6ki \u00ed orkus\u00e6knum i\u00f0na\u00f0i. \u00deessi fyrirt\u00e6ki, sem eru st\u00f3rnotendur rafmagns fr\u00e1 Landsvirkjun, \u00feurfa um \u00feessar mundir a\u00f0 gl\u00edma vi\u00f0 s\u00edfellt fl\u00f3knara vi\u00f0skiptaumhverfi og \u00e6 har\u00f0ari samkeppni \u00ed breyttum heimi. \u00dea\u00f0 er \u00e1kve\u00f0i\u00f0 \u00e1hyggjuefni \u00ed lj\u00f3si \u00feess a\u00f0 vels\u00e6ld \u00edslensku [&hellip;]<\/p>","protected":false},"author":2,"featured_media":0,"comment_status":"open","ping_status":"open","sticky":false,"template":"","format":"standard","meta":{"site-sidebar-layout":"default","site-content-layout":"","ast-site-content-layout":"default","site-content-style":"default","site-sidebar-style":"default","ast-global-header-display":"","ast-banner-title-visibility":"","ast-main-header-display":"","ast-hfb-above-header-display":"","ast-hfb-below-header-display":"","ast-hfb-mobile-header-display":"","site-post-title":"","ast-breadcrumbs-content":"","ast-featured-img":"","footer-sml-layout":"","ast-disable-related-posts":"","theme-transparent-header-meta":"","adv-header-id-meta":"","stick-header-meta":"","header-above-stick-meta":"","header-main-stick-meta":"","header-below-stick-meta":"","astra-migrate-meta-layouts":"set","ast-page-background-enabled":"default","ast-page-background-meta":{"desktop":{"background-color":"","background-image":"","background-repeat":"repeat","background-position":"center center","background-size":"auto","background-attachment":"scroll","background-type":"","background-media":"","overlay-type":"","overlay-color":"","overlay-opacity":"","overlay-gradient":""},"tablet":{"background-color":"","background-image":"","background-repeat":"repeat","background-position":"center center","background-size":"auto","background-attachment":"scroll","background-type":"","background-media":"","overlay-type":"","overlay-color":"","overlay-opacity":"","overlay-gradient":""},"mobile":{"background-color":"","background-image":"","background-repeat":"repeat","background-position":"center center","background-size":"auto","background-attachment":"scroll","background-type":"","background-media":"","overlay-type":"","overlay-color":"","overlay-opacity":"","overlay-gradient":""}},"ast-content-background-meta":{"desktop":{"background-color":"var(--ast-global-color-5)","background-image":"","background-repeat":"repeat","background-position":"center center","background-size":"auto","background-attachment":"scroll","background-type":"","background-media":"","overlay-type":"","overlay-color":"","overlay-opacity":"","overlay-gradient":""},"tablet":{"background-color":"var(--ast-global-color-5)","background-image":"","background-repeat":"repeat","background-position":"center center","background-size":"auto","background-attachment":"scroll","background-type":"","background-media":"","overlay-type":"","overlay-color":"","overlay-opacity":"","overlay-gradient":""},"mobile":{"background-color":"var(--ast-global-color-5)","background-image":"","background-repeat":"repeat","background-position":"center center","background-size":"auto","background-attachment":"scroll","background-type":"","background-media":"","overlay-type":"","overlay-color":"","overlay-opacity":"","overlay-gradient":""}},"footnotes":""},"categories":[14,8],"tags":[],"class_list":["post-1599","post","type-post","status-publish","format-standard","hentry","category-forsida","category-frettir"],"_links":{"self":[{"href":"https:\/\/samal.is\/en\/wp-json\/wp\/v2\/posts\/1599","targetHints":{"allow":["GET"]}}],"collection":[{"href":"https:\/\/samal.is\/en\/wp-json\/wp\/v2\/posts"}],"about":[{"href":"https:\/\/samal.is\/en\/wp-json\/wp\/v2\/types\/post"}],"author":[{"embeddable":true,"href":"https:\/\/samal.is\/en\/wp-json\/wp\/v2\/users\/2"}],"replies":[{"embeddable":true,"href":"https:\/\/samal.is\/en\/wp-json\/wp\/v2\/comments?post=1599"}],"version-history":[{"count":6,"href":"https:\/\/samal.is\/en\/wp-json\/wp\/v2\/posts\/1599\/revisions"}],"predecessor-version":[{"id":1713,"href":"https:\/\/samal.is\/en\/wp-json\/wp\/v2\/posts\/1599\/revisions\/1713"}],"wp:attachment":[{"href":"https:\/\/samal.is\/en\/wp-json\/wp\/v2\/media?parent=1599"}],"wp:term":[{"taxonomy":"category","embeddable":true,"href":"https:\/\/samal.is\/en\/wp-json\/wp\/v2\/categories?post=1599"},{"taxonomy":"post_tag","embeddable":true,"href":"https:\/\/samal.is\/en\/wp-json\/wp\/v2\/tags?post=1599"}],"curies":[{"name":"wp","href":"https:\/\/api.w.org\/{rel}","templated":true}]}}