{"id":1820,"date":"2025-05-29T08:11:47","date_gmt":"2025-05-29T08:11:47","guid":{"rendered":"https:\/\/lightskyblue-grasshopper-667170.hostingersite.com\/?p=1820"},"modified":"2025-12-30T08:24:22","modified_gmt":"2025-12-30T08:24:22","slug":"radherra-lofar-studningi-vid-alframleidslu-2","status":"publish","type":"post","link":"https:\/\/samal.is\/en\/radherra-lofar-studningi-vid-alframleidslu-2\/","title":{"rendered":"R\u00e1\u00f0herra lofar stu\u00f0ningi vi\u00f0 \u00e1lframlei\u00f0slu"},"content":{"rendered":"<div data-elementor-type=\"wp-post\" data-elementor-id=\"1820\" class=\"elementor elementor-1820\" data-elementor-post-type=\"post\">\n\t\t\t\t<div class=\"elementor-element elementor-element-1b9a6ae0 e-flex e-con-boxed e-con e-parent\" data-id=\"1b9a6ae0\" data-element_type=\"container\" data-e-type=\"container\">\n\t\t\t\t\t<div class=\"e-con-inner\">\n\t\t\t\t<div class=\"elementor-element elementor-element-6a1b23d3 elementor-widget elementor-widget-text-editor\" data-id=\"6a1b23d3\" data-element_type=\"widget\" data-e-type=\"widget\" data-widget_type=\"text-editor.default\">\n\t\t\t\t\t\t\t\t\t\n<p><strong>\u201eVi\u00f0 ver\u00f0um a\u00f0 vi\u00f0halda samkeppnish\u00e6fu raforkuver\u00f0i\u201c<\/strong><\/p>\n\n<p>\u00c1lframlei\u00f0sla og samkeppnish\u00e6fni i\u00f0na\u00f0arins \u00e1 \u00cdslandi voru \u00ed brennidepli \u00e1 \u00e1rsfundi Sam\u00e1ls sem haldinn var \u00e1 Hilton Nordica \u00feann 27. ma\u00ed sl. \u00dear l\u00fdsti J\u00f3hann P\u00e1ll J\u00f3hannsson umhverfis-, orku- og loftslagsr\u00e1\u00f0herra yfir eindregnum stu\u00f0ningi vi\u00f0 \u00edslenska \u00e1lframlei\u00f0slu sem hluta af gr\u00e6nni framt\u00ed\u00f0ars\u00fdn fyrir hagkerfi\u00f0.<\/p>\n<p><strong><span style=\"color: #ea5b0a;\">\u201eOkkar s\u00e9rsta\u00f0a h\u00e9rna \u00e1 \u00cdslandi er a\u00f0 vi\u00f0 erum a\u00f0 framlei\u00f0a gr\u00e6nasta \u00e1l \u00ed heimi,\u201c<\/span><\/strong> sag\u00f0i r\u00e1\u00f0herrann \u00ed<\/p>\n<p><img fetchpriority=\"high\" decoding=\"async\" class=\"size-medium wp-image-1821 alignleft\" src=\"https:\/\/lightskyblue-grasshopper-667170.hostingersite.com\/wp-content\/uploads\/2025\/12\/samal_arsfundur_2025-47-300x200.jpg\" alt=\"\" width=\"300\" height=\"200\" srcset=\"https:\/\/samal.is\/wp-content\/uploads\/2025\/12\/samal_arsfundur_2025-47-300x200.jpg 300w, https:\/\/samal.is\/wp-content\/uploads\/2025\/12\/samal_arsfundur_2025-47-1024x683.jpg 1024w, https:\/\/samal.is\/wp-content\/uploads\/2025\/12\/samal_arsfundur_2025-47-768x512.jpg 768w, https:\/\/samal.is\/wp-content\/uploads\/2025\/12\/samal_arsfundur_2025-47-1536x1025.jpg 1536w, https:\/\/samal.is\/wp-content\/uploads\/2025\/12\/samal_arsfundur_2025-47-2048x1366.jpg 2048w, https:\/\/samal.is\/wp-content\/uploads\/2025\/12\/samal_arsfundur_2025-47-18x12.jpg 18w\" sizes=\"(max-width: 300px) 100vw, 300px\" \/><\/p>\n<p>\u00a0pallbor\u00f0sumr\u00e6\u00f0um sem Vigd\u00eds Dilj\u00e1 \u00d3skarsd\u00f3ttir, stj\u00f3rnandi samskipta- og samf\u00e9lagsm\u00e1la hj\u00e1 Alcoa Fjar\u00f0a\u00e1li, st\u00fdr\u00f0i. Hann v\u00edsa\u00f0i til greiningar sem r\u00e1\u00f0uneyti\u00f0 l\u00e9t gera \u00fear sem sko\u00f0a\u00f0 var hvort meiri loftslags\u00e1vinningur n\u00e6\u00f0ist me\u00f0 \u00fev\u00ed a\u00f0 framlei\u00f0a rafeldsneyti me\u00f0 \u00feeirri orku sem n\u00fa fer \u00ed \u00e1lframlei\u00f0slu. \u201eNei, bara aldeilis ekki, af \u00fev\u00ed \u00fe\u00e1 erum vi\u00f0 bara a\u00f0 f\u00e6ra [\u00e1l]framlei\u00f0sluna til landa sem eru a\u00f0 nota kol og gas,\u201c sag\u00f0i hann og b\u00e6tti vi\u00f0: \u201eSvo \u00e9g l\u00edt \u00e1 \u00fea\u00f0 sem lykilatri\u00f0i \u00ed okkar loftslagsstefnu a\u00f0 horfa \u00e1 st\u00f3ru myndina \u00ed \u00feessum efnum og verja \u00feessa s\u00e9rst\u00f6\u00f0u sem vi\u00f0 h\u00f6fum sem byggir au\u00f0vita\u00f0 \u00e1 samkeppnish\u00e6fu raforkukerfi.\u201c<br \/><br \/><strong>\u201eFagna allskonar st\u00f3ri\u00f0ju\u201c<\/strong><br \/><br \/>\u00cd umr\u00e6\u00f0unum kom fram a\u00f0 me\u00f0alraforkuver\u00f0 til \u00edslenskra \u00e1lvera s\u00e9 \u00ed dag h\u00e6rra en hj\u00e1 flestum keppinautum erlendis. R\u00e1\u00f0herrann t\u00f3k undir a\u00f0 vi\u00f0halda \u00feurfi samkeppnish\u00e6fni. \u201eVi\u00f0 ver\u00f0um a\u00f0 vi\u00f0halda hagst\u00e6\u00f0u raforkuver\u00f0i fyrir heimilin og samkeppnish\u00e6fu raforkuver\u00f0i fyrir fyrirt\u00e6ki og me\u00f0al annars st\u00f3rnotendur eins og \u00e1lframlei\u00f0endur.\u201c<br \/><br \/>\u00cd \u00fev\u00ed samhengi lag\u00f0i hann \u00e1herslu \u00e1 a\u00f0 \u00cdsland \u00e6tti ekki a\u00f0 vera neikv\u00e6tt gagnvart st\u00f3ri\u00f0ju heldur n\u00fdta s\u00edna hreinu orku til fj\u00f6lbreyttrar ver\u00f0m\u00e6task\u00f6punar. \u201e\u00c9g fagna allskonar st\u00f3ri\u00f0ju og vil gjarnan a\u00f0 orku s\u00e9 vari\u00f0 \u00ed hana, s\u00e9rstaklega \u00feegar \u00fea\u00f0 raunverulega \u00fej\u00f3nar loftslags\u00e1vinningi eins og \u00e9g f\u00f3r h\u00e9rna yfir \u00e1\u00f0an \u00feegar \u00e9g tala\u00f0i um gr\u00e6nasta \u00e1l \u00ed heimi.\u201c<br \/><br \/>Hann vakti jafnframt athygli \u00e1 vaxtart\u00e6kif\u00e6rum \u00ed gagnaversi\u00f0na\u00f0i og nau\u00f0syn \u00feess a\u00f0 brug\u00f0ist yr\u00f0i vi\u00f0 \u00feeirri miklu eftirspurn sem fylgir vexti gervigreindar me\u00f0 aukinni orku\u00f6flun.<br \/><br \/><strong>Orka \u00ed ver\u00f0m\u00e6task\u00f6pun<\/strong><br \/><br \/>Sigur\u00f0ur Hannesson, framkv\u00e6mdastj\u00f3ri Samtaka i\u00f0na\u00f0arins, t\u00f3k einnig \u00fe\u00e1tt \u00ed pallbor\u00f0sumr\u00e6\u00f0unum en hann l\u00fdsti \u00e1n\u00e6gju me\u00f0 a\u00f0 r\u00e1\u00f0herra tala\u00f0i s\u00e9rstaklega um a\u00f0 orka fari \u00ed ver\u00f0m\u00e6task\u00f6pun. \u201eVi\u00f0 h\u00f6fum ekki heyrt \u00fea\u00f0 \u00ed m\u00f6rg \u00e1r og \u00fea\u00f0 er mj\u00f6g gaman a\u00f0 heyra \u00fea\u00f0 aftur.\u201c<br \/><br \/>Sigur\u00f0ur vakti jafnframt m\u00e1ls \u00e1 \u00fev\u00ed hve d\u00fdrar raforkusker\u00f0ingar \u00e1rsins 2024 hef\u00f0u reynst. \u201e\u00deetta kostar ekki bara fyrirt\u00e6kin heldur samf\u00e9lagi\u00f0 allt st\u00f3rf\u00e9 \u00ed t\u00f6pu\u00f0um \u00fatflutningstekjum. \u00deetta voru 14-17 milljar\u00f0ar \u00e1 s\u00ed\u00f0asta \u00e1ri, eins og vi\u00f0 l\u00f6g\u00f0um mat \u00e1 \u00fea\u00f0,\u201c sag\u00f0i Sigur\u00f0ur og v\u00edsa\u00f0i \u00fear til\u00a0<u><a href=\"https:\/\/www.si.is\/media\/_eplica-uppsetning\/Greining-SI_Tapadar-utflutningstekjur-vegna-raforkuskerdingar-17-05-2024.pdf\">greiningar SI<\/a><\/u> \u00e1 \u00fev\u00ed fj\u00e1rhagslega tapi sem var\u00f0 vegna raforkusker\u00f0ingar Landsvirkjunar \u00e1 s\u00ed\u00f0asta \u00e1ri.<\/p>\n\n<p><strong>\u00c1li\u00f0na\u00f0urinn ve\u00f0m\u00e1l sem gekk upp<\/strong><\/p>\n<p>\u00a0<\/p>\n<p>R\u00e1\u00f0herrann v\u00e9k einnig a\u00f0 efnahagslegu mikilv\u00e6gi \u00e1lveranna fyrir \u00cdsland \u00ed s\u00f6gulegu samhengi og lag\u00f0i \u00e1herslu \u00e1 a\u00f0 st\u00f3ri\u00f0jan hafi \u00feegar sanna\u00f0 sig sem bur\u00f0ar\u00e1s \u00ed \u00edslensku atvinnul\u00edfi. \u201e\u00dea\u00f0 var ve\u00f0ja\u00f0 mj\u00f6g r\u00e6kilega \u00e1 st\u00f3ri\u00f0ju og \u00fea\u00f0 ve\u00f0m\u00e1l gekk upp,\u201c sag\u00f0i hann og benti \u00e1 a\u00f0 langt\u00edmasamningar vi\u00f0 \u00e1lverin hef\u00f0u gert uppbyggingu raforkukerfisins m\u00f6gulega: \u201eSt\u00f3ri\u00f0jan hefur leiki\u00f0 algj\u00f6rt lykilhlutverk \u00ed a\u00f0 fj\u00e1rmagna \u00feetta raforkukerfi okkar. \u00dea\u00f0 voru \u00feessir langt\u00edma samningar sem ger\u00f0u \u00fea\u00f0 d\u00e6mi allt m\u00f6gulegt.\u201c<br \/><br \/><strong>\u00c1lverin me\u00f0al \u201esigurvegara\u201c atvinnustefnunnar<\/strong><\/p>\n<p>\u00a0<\/p>\n<p>J\u00f3hann P\u00e1ll r\u00e6ddi um a\u00f0 \u00ed sumar yr\u00f0i unni\u00f0 a\u00f0 n\u00fdrri atvinnustefnu, sem stundum er einnig k\u00f6llu\u00f0 i\u00f0na\u00f0arstefna, en hann ger\u00f0i r\u00e1\u00f0 fyrir a\u00f0 st\u00f3ri\u00f0ja myndi \u00fear gegna mikilv\u00e6gu hlutverki. \u00cd sl\u00edkum stefnum v\u00e6ri \u00ed raun alltaf veri\u00f0 a\u00f0 velja \u00e1kve\u00f0na sigurvegara og \u00edtreka\u00f0i: \u201eVi\u00f0 viljum ve\u00f0ja \u00e1 atvinnugreinar sem skapa vel launu\u00f0 st\u00f6rf, eru me\u00f0 h\u00e1a framlei\u00f0ni\u201c enda s\u00e9u sl\u00edkar atvinnugreinar bur\u00f0ar\u00e1sar \u00ed \u00f6flugum velfer\u00f0arsamf\u00e9l\u00f6gum.<\/p>\n<p><br \/>\u00deegar Vigd\u00eds Dilj\u00e1 spur\u00f0i beint hvort \u00e1lverin, me\u00f0 s\u00edna hreinu orku, h\u00e1u \u00fatflutningstekjur og ver\u00f0m\u00e6tu st\u00f6rf, \u00e6ttu ekki a\u00f0 vera einn af \u00feessum sigurvegurum, svara\u00f0i r\u00e1\u00f0herrann sk\u00fdrt: \u201eJ\u00fa, 100%.\u201c<\/p>\n\t\t\t\t\t\t\t\t<\/div>\n\t\t\t\t\t<\/div>\n\t\t\t\t<\/div>\n\t\t\t\t<\/div>","protected":false},"excerpt":{"rendered":"<p>\u201eVi\u00f0 ver\u00f0um a\u00f0 vi\u00f0halda samkeppnish\u00e6fu raforkuver\u00f0i\u201c \u00c1lframlei\u00f0sla og samkeppnish\u00e6fni i\u00f0na\u00f0arins \u00e1 \u00cdslandi voru \u00ed brennidepli \u00e1 \u00e1rsfundi Sam\u00e1ls sem haldinn var \u00e1 Hilton Nordica \u00feann 27. ma\u00ed sl. \u00dear l\u00fdsti J\u00f3hann P\u00e1ll J\u00f3hannsson umhverfis-, orku- og loftslagsr\u00e1\u00f0herra yfir eindregnum stu\u00f0ningi vi\u00f0 \u00edslenska \u00e1lframlei\u00f0slu sem hluta af gr\u00e6nni framt\u00ed\u00f0ars\u00fdn fyrir hagkerfi\u00f0. \u201eOkkar s\u00e9rsta\u00f0a h\u00e9rna \u00e1 \u00cdslandi [&hellip;]<\/p>","protected":false},"author":2,"featured_media":0,"comment_status":"open","ping_status":"open","sticky":false,"template":"","format":"standard","meta":{"site-sidebar-layout":"default","site-content-layout":"","ast-site-content-layout":"default","site-content-style":"default","site-sidebar-style":"default","ast-global-header-display":"","ast-banner-title-visibility":"","ast-main-header-display":"","ast-hfb-above-header-display":"","ast-hfb-below-header-display":"","ast-hfb-mobile-header-display":"","site-post-title":"","ast-breadcrumbs-content":"","ast-featured-img":"","footer-sml-layout":"","ast-disable-related-posts":"","theme-transparent-header-meta":"","adv-header-id-meta":"","stick-header-meta":"","header-above-stick-meta":"","header-main-stick-meta":"","header-below-stick-meta":"","astra-migrate-meta-layouts":"default","ast-page-background-enabled":"default","ast-page-background-meta":{"desktop":{"background-color":"","background-image":"","background-repeat":"repeat","background-position":"center center","background-size":"auto","background-attachment":"scroll","background-type":"","background-media":"","overlay-type":"","overlay-color":"","overlay-opacity":"","overlay-gradient":""},"tablet":{"background-color":"","background-image":"","background-repeat":"repeat","background-position":"center center","background-size":"auto","background-attachment":"scroll","background-type":"","background-media":"","overlay-type":"","overlay-color":"","overlay-opacity":"","overlay-gradient":""},"mobile":{"background-color":"","background-image":"","background-repeat":"repeat","background-position":"center center","background-size":"auto","background-attachment":"scroll","background-type":"","background-media":"","overlay-type":"","overlay-color":"","overlay-opacity":"","overlay-gradient":""}},"ast-content-background-meta":{"desktop":{"background-color":"var(--ast-global-color-5)","background-image":"","background-repeat":"repeat","background-position":"center center","background-size":"auto","background-attachment":"scroll","background-type":"","background-media":"","overlay-type":"","overlay-color":"","overlay-opacity":"","overlay-gradient":""},"tablet":{"background-color":"var(--ast-global-color-5)","background-image":"","background-repeat":"repeat","background-position":"center center","background-size":"auto","background-attachment":"scroll","background-type":"","background-media":"","overlay-type":"","overlay-color":"","overlay-opacity":"","overlay-gradient":""},"mobile":{"background-color":"var(--ast-global-color-5)","background-image":"","background-repeat":"repeat","background-position":"center center","background-size":"auto","background-attachment":"scroll","background-type":"","background-media":"","overlay-type":"","overlay-color":"","overlay-opacity":"","overlay-gradient":""}},"footnotes":""},"categories":[14,8],"tags":[],"class_list":["post-1820","post","type-post","status-publish","format-standard","hentry","category-forsida","category-frettir"],"_links":{"self":[{"href":"https:\/\/samal.is\/en\/wp-json\/wp\/v2\/posts\/1820","targetHints":{"allow":["GET"]}}],"collection":[{"href":"https:\/\/samal.is\/en\/wp-json\/wp\/v2\/posts"}],"about":[{"href":"https:\/\/samal.is\/en\/wp-json\/wp\/v2\/types\/post"}],"author":[{"embeddable":true,"href":"https:\/\/samal.is\/en\/wp-json\/wp\/v2\/users\/2"}],"replies":[{"embeddable":true,"href":"https:\/\/samal.is\/en\/wp-json\/wp\/v2\/comments?post=1820"}],"version-history":[{"count":6,"href":"https:\/\/samal.is\/en\/wp-json\/wp\/v2\/posts\/1820\/revisions"}],"predecessor-version":[{"id":1827,"href":"https:\/\/samal.is\/en\/wp-json\/wp\/v2\/posts\/1820\/revisions\/1827"}],"wp:attachment":[{"href":"https:\/\/samal.is\/en\/wp-json\/wp\/v2\/media?parent=1820"}],"wp:term":[{"taxonomy":"category","embeddable":true,"href":"https:\/\/samal.is\/en\/wp-json\/wp\/v2\/categories?post=1820"},{"taxonomy":"post_tag","embeddable":true,"href":"https:\/\/samal.is\/en\/wp-json\/wp\/v2\/tags?post=1820"}],"curies":[{"name":"wp","href":"https:\/\/api.w.org\/{rel}","templated":true}]}}