{"id":2028,"date":"2025-03-28T11:11:03","date_gmt":"2025-03-28T11:11:03","guid":{"rendered":"https:\/\/lightskyblue-grasshopper-667170.hostingersite.com\/?p=2028"},"modified":"2026-02-27T11:11:23","modified_gmt":"2026-02-27T11:11:23","slug":"graent-al-fra-islandi-er-mikilvaegt-fyrir-sjalfstaeda-evropu","status":"publish","type":"post","link":"https:\/\/samal.is\/en\/graent-al-fra-islandi-er-mikilvaegt-fyrir-sjalfstaeda-evropu\/","title":{"rendered":"Gr\u00e6nt \u00e1l fr\u00e1 \u00cds\u00adlandi er mikil\u00adv\u00e6gt fyrir sj\u00e1lf\u00adst\u00e6\u00f0a Evr\u00f3pu"},"content":{"rendered":"<p>N\u00fa hefur framkv\u00e6mdastj\u00f3rn Evr\u00f3pusambandsins birt a\u00f0ger\u00f0ar\u00e1\u00e6tlun til a\u00f0 sty\u00f0ja vi\u00f0 aukna framlei\u00f0slu \u00ed st\u00e1l og m\u00e1lmi\u00f0na\u00f0i innan bandalagsr\u00edkjanna<a href=\"file:\/\/\/C:\/Users\/atliis\/AppData\/Local\/Microsoft\/Windows\/INetCache\/Content.Outlook\/80BSOMI9\/GreinEvropa_.docx#_ftn1\">[1]<\/a>. Sl\u00edkt er mikilv\u00e6gur \u00fe\u00e1ttur \u00ed a\u00f0 efla sj\u00e1lfst\u00e6\u00f0i Evr\u00f3pu gagnvart \u00f6\u00f0rum r\u00edkjum, me\u00f0al annars til a\u00f0 Evr\u00f3pa ver\u00f0i sj\u00e1lfri s\u00e9r n\u00f3g um framlei\u00f0slu lykilhr\u00e1efna til i\u00f0na\u00f0ar.<\/p>\n\n\n\n<p>\u00c1lver \u00ed Evr\u00f3pu hafa \u00e1 s\u00ed\u00f0ustu misserum veri\u00f0 a\u00f0 loka e\u00f0a dregi\u00f0 \u00far framlei\u00f0slu sinni vegna h\u00e1s orkukostna\u00f0ar og \u00f3st\u00f6\u00f0ugs rekstrarumhverfis. \u00deannig hefur Evr\u00f3pa \u00ed vaxandi m\u00e6li or\u00f0i\u00f0 h\u00e1\u00f0 innflutningi \u00e1 \u00e1li, en um 50% af \u00fev\u00ed \u00e1li sem er nota\u00f0 til i\u00f0na\u00f0ar \u00ed Evr\u00f3pu er innflutt. \u00c1 sama t\u00edma vex eftirspurn eftir \u00e1li um heim allan enda lykil hr\u00e1efni \u00ed flestum varningi sem stu\u00f0lar a\u00f0 l\u00e9ttari samg\u00f6ngum annars vegar og t\u00e6kni sem dregur \u00far losun gr\u00f3\u00f0urh\u00fasalofttegunda hins vegar. \u00c1l er \u00feannig nota\u00f0 \u00ed \u00f6llum i\u00f0na\u00f0i sem tengist orkuskiptunum.<\/p>\n\n\n\n<p>\u00dea\u00f0 er \u00feess vegna sem \u00e1l er skilgreint sem lykilhr\u00e1efni af Evr\u00f3pusambandinu<a href=\"file:\/\/\/C:\/Users\/atliis\/AppData\/Local\/Microsoft\/Windows\/INetCache\/Content.Outlook\/80BSOMI9\/GreinEvropa_.docx#_ftn2\">[2]<\/a>&nbsp;og \u00ed n\u00fdrri a\u00f0ger\u00f0a\u00e1\u00e6tlun um st\u00e1l og m\u00e1lma er stu\u00f0ningur vi\u00f0 frekari framlei\u00f0slu \u00e1ls \u00ed Evr\u00f3pu settur \u00ed forgang.<\/p>\n\n\n\n<p>N\u00fa er \u00fea\u00f0 svo a\u00f0 \u00edslensku \u00e1lverin selja allt \u00e1l sem \u00feau framlei\u00f0a til Evr\u00f3pu og er hlutur \u00feeirra \u00ed framlei\u00f0slu ESB\/EFTA r\u00edkjanna um fj\u00f3r\u00f0ungur. \u00c1lframlei\u00f0sla \u00e1 \u00cdslandi er \u00fear me\u00f0 ekki bara mikilv\u00e6g fyrir \u00cdsland, h\u00fan er einnig mikilv\u00e6gur \u00fe\u00e1ttur \u00ed a\u00f0 tryggja okkur sj\u00e1lfst\u00e6\u00f0a Evr\u00f3pu. \u00dear me\u00f0 er \u00cdsland or\u00f0i\u00f0 mikilv\u00e6gur framlei\u00f0andi lykilhr\u00e1efnis samkv\u00e6mt skilgreiningu ESB.<\/p>\n\n\n\n<p>Evr\u00f3pusambandi\u00f0 m\u00f3tar n\u00fa markmi\u00f0 sem mi\u00f0a a\u00f0 \u00fev\u00ed a\u00f0 f\u00e1 neytendur og fyrirt\u00e6ki til a\u00f0 grei\u00f0a h\u00e6rra ver\u00f0 fyrir vistv\u00e6nar v\u00f6rur. Byggt \u00e1 \u00feeim markmi\u00f0um mun \u00edslenska \u00e1li\u00f0 ver\u00f0a enn ver\u00f0m\u00e6tara en \u00fea\u00f0 er \u00ed dag, en \u00e1l framleitt \u00e1 \u00cdslandi er me\u00f0 l\u00e6gst kolefnisspor \u00ed heimi.<\/p>\n\n\n\n<p>\u00c1lframlei\u00f0sla \u00e1 \u00cdslandi er mikilv\u00e6gt framlag til loftslagsm\u00e1la. \u00c1lframlei\u00f0sla \u00e1samt raforkuframlei\u00f0slu \u00e1 \u00cdslandi er mikilv\u00e6gur grunnatvinnuvegur \u00fej\u00f3\u00f0arinnar. \u00c1lframlei\u00f0sla \u00e1 \u00cdslandi skilar gr\u00ed\u00f0arlegum hagr\u00e6num og samf\u00e9lagslegum \u00e1vinningi og me\u00f0 \u00e1lframlei\u00f0slu \u00e1 \u00cdslandi leggjum vi\u00f0 okkar af m\u00f6rkum til a\u00f0 tryggja sj\u00e1lfst\u00e6\u00f0a Evr\u00f3pu \u00e1 v\u00ed\u00f0sj\u00e1rver\u00f0um t\u00edmum.<\/p>","protected":false},"excerpt":{"rendered":"<p>N\u00fa hefur framkv\u00e6mdastj\u00f3rn Evr\u00f3pusambandsins birt a\u00f0ger\u00f0ar\u00e1\u00e6tlun til a\u00f0 sty\u00f0ja vi\u00f0 aukna framlei\u00f0slu \u00ed st\u00e1l og m\u00e1lmi\u00f0na\u00f0i innan bandalagsr\u00edkjanna[1]. Sl\u00edkt er mikilv\u00e6gur \u00fe\u00e1ttur \u00ed a\u00f0 efla sj\u00e1lfst\u00e6\u00f0i Evr\u00f3pu gagnvart \u00f6\u00f0rum r\u00edkjum, me\u00f0al annars til a\u00f0 Evr\u00f3pa ver\u00f0i sj\u00e1lfri s\u00e9r n\u00f3g um framlei\u00f0slu lykilhr\u00e1efna til i\u00f0na\u00f0ar. \u00c1lver \u00ed Evr\u00f3pu hafa \u00e1 s\u00ed\u00f0ustu misserum veri\u00f0 a\u00f0 loka e\u00f0a [&hellip;]<\/p>","protected":false},"author":2,"featured_media":0,"comment_status":"open","ping_status":"open","sticky":false,"template":"","format":"standard","meta":{"site-sidebar-layout":"default","site-content-layout":"","ast-site-content-layout":"default","site-content-style":"default","site-sidebar-style":"default","ast-global-header-display":"","ast-banner-title-visibility":"","ast-main-header-display":"","ast-hfb-above-header-display":"","ast-hfb-below-header-display":"","ast-hfb-mobile-header-display":"","site-post-title":"","ast-breadcrumbs-content":"","ast-featured-img":"","footer-sml-layout":"","ast-disable-related-posts":"","theme-transparent-header-meta":"","adv-header-id-meta":"","stick-header-meta":"","header-above-stick-meta":"","header-main-stick-meta":"","header-below-stick-meta":"","astra-migrate-meta-layouts":"set","ast-page-background-enabled":"default","ast-page-background-meta":{"desktop":{"background-color":"","background-image":"","background-repeat":"repeat","background-position":"center center","background-size":"auto","background-attachment":"scroll","background-type":"","background-media":"","overlay-type":"","overlay-color":"","overlay-opacity":"","overlay-gradient":""},"tablet":{"background-color":"","background-image":"","background-repeat":"repeat","background-position":"center center","background-size":"auto","background-attachment":"scroll","background-type":"","background-media":"","overlay-type":"","overlay-color":"","overlay-opacity":"","overlay-gradient":""},"mobile":{"background-color":"","background-image":"","background-repeat":"repeat","background-position":"center center","background-size":"auto","background-attachment":"scroll","background-type":"","background-media":"","overlay-type":"","overlay-color":"","overlay-opacity":"","overlay-gradient":""}},"ast-content-background-meta":{"desktop":{"background-color":"var(--ast-global-color-5)","background-image":"","background-repeat":"repeat","background-position":"center center","background-size":"auto","background-attachment":"scroll","background-type":"","background-media":"","overlay-type":"","overlay-color":"","overlay-opacity":"","overlay-gradient":""},"tablet":{"background-color":"var(--ast-global-color-5)","background-image":"","background-repeat":"repeat","background-position":"center center","background-size":"auto","background-attachment":"scroll","background-type":"","background-media":"","overlay-type":"","overlay-color":"","overlay-opacity":"","overlay-gradient":""},"mobile":{"background-color":"var(--ast-global-color-5)","background-image":"","background-repeat":"repeat","background-position":"center center","background-size":"auto","background-attachment":"scroll","background-type":"","background-media":"","overlay-type":"","overlay-color":"","overlay-opacity":"","overlay-gradient":""}},"footnotes":""},"categories":[8,9],"tags":[],"class_list":["post-2028","post","type-post","status-publish","format-standard","hentry","category-frettir","category-greinar"],"_links":{"self":[{"href":"https:\/\/samal.is\/en\/wp-json\/wp\/v2\/posts\/2028","targetHints":{"allow":["GET"]}}],"collection":[{"href":"https:\/\/samal.is\/en\/wp-json\/wp\/v2\/posts"}],"about":[{"href":"https:\/\/samal.is\/en\/wp-json\/wp\/v2\/types\/post"}],"author":[{"embeddable":true,"href":"https:\/\/samal.is\/en\/wp-json\/wp\/v2\/users\/2"}],"replies":[{"embeddable":true,"href":"https:\/\/samal.is\/en\/wp-json\/wp\/v2\/comments?post=2028"}],"version-history":[{"count":1,"href":"https:\/\/samal.is\/en\/wp-json\/wp\/v2\/posts\/2028\/revisions"}],"predecessor-version":[{"id":2029,"href":"https:\/\/samal.is\/en\/wp-json\/wp\/v2\/posts\/2028\/revisions\/2029"}],"wp:attachment":[{"href":"https:\/\/samal.is\/en\/wp-json\/wp\/v2\/media?parent=2028"}],"wp:term":[{"taxonomy":"category","embeddable":true,"href":"https:\/\/samal.is\/en\/wp-json\/wp\/v2\/categories?post=2028"},{"taxonomy":"post_tag","embeddable":true,"href":"https:\/\/samal.is\/en\/wp-json\/wp\/v2\/tags?post=2028"}],"curies":[{"name":"wp","href":"https:\/\/api.w.org\/{rel}","templated":true}]}}