{"id":2074,"date":"2022-03-19T14:44:20","date_gmt":"2022-03-19T14:44:20","guid":{"rendered":"https:\/\/lightskyblue-grasshopper-667170.hostingersite.com\/?p=2074"},"modified":"2026-03-19T14:50:33","modified_gmt":"2026-03-19T14:50:33","slug":"arsfundur-2022-graen-vegferd-i-alidnadi","status":"publish","type":"post","link":"https:\/\/samal.is\/en\/arsfundur-2022-graen-vegferd-i-alidnadi\/","title":{"rendered":"\u00c1rsfundur 2022 &#8211; Gr\u00e6n vegfer\u00f0 \u00ed \u00e1li\u00f0na\u00f0i"},"content":{"rendered":"<p><\/p>\n\n\n\n<p>\u201eGr\u00e6n vegfer\u00f0 \u00ed \u00e1li\u00f0na\u00f0i\u201c var yfirskrift \u00e1rsfundar Sam\u00e1ls 2022 sem haldinn var \u00ed Kaldal\u00f3ni \u00ed H\u00f6rpu a\u00f0 morgni 31. ma\u00ed. Fundurinn var vel s\u00f3ttur sem endran\u00e6r og var um fjalla\u00f0 st\u00f6\u00f0u og horfur \u00ed \u00e1li\u00f0na\u00f0i og lei\u00f0ina a\u00f0 kolefnishlutleysi fyrir \u00edslensk \u00e1lver.<a href=\"https:\/\/www.youtube.com\/watch?v=Et-gg4oUzdo\">\u00a0H\u00e9r m\u00e1 sj\u00e1 stutta samantekt fr\u00e1 fundinum.\u00a0<\/a><\/p>\n\n\n\n<h4 class=\"wp-block-heading\">Innlendur kostna\u00f0ur 123 milljar\u00f0ar<\/h4>\n\n\n\n<p>\u00datflutningstekjur vegna \u00e1lframlei\u00f0slu n\u00e1\u00f0u n\u00fdjum h\u00e6\u00f0um og n\u00e1mu h\u00e1tt \u00ed 300 millj\u00f6r\u00f0um e\u00f0a um fj\u00f3r\u00f0ungi gjaldeyristekna \u00fej\u00f3\u00f0arb\u00fasins, a\u00f0 \u00fev\u00ed er fram kom \u00ed m\u00e1li Einars \u00deorsteinssonar, stj\u00f3rnarformanns Sam\u00e1ls, en&nbsp;<a href=\"https:\/\/www.youtube.com\/watch?v=Tk8U24PTVAA&amp;list=PLrz2l-L21cuXvr56EF1iD7KTsrPYE7nvZ\">h\u00e9r m\u00e1 sj\u00e1 r\u00e6\u00f0u hans<\/a>. \u00de\u00e1 hefur innlendur kostna\u00f0ur \u00e1lvera aldrei veri\u00f0 h\u00e6rri e\u00f0a um 123 milljar\u00f0ar.<\/p>\n\n\n\n<p>\u201e\u00deegar horft er yfir s\u00ed\u00f0asta \u00e1r, \u00fe\u00e1 er einn l\u00e6rd\u00f3murinn s\u00e1, a\u00f0 \u00feegar vel gengur \u00ed \u00e1li\u00f0na\u00f0i, \u00fe\u00e1 gengur vel \u00ed orkugeiranum. Ef horft er til me\u00f0alver\u00f0s raforku til i\u00f0na\u00f0ar \u00ed fyrra m\u00e1 \u00e1\u00e6tla a\u00f0 \u00e1lverin hafi keypt raforku &nbsp;af \u00edslenskum orkufyrirt\u00e6kjum \u00e1samt orkuflutningi fyrir um 62 milljar\u00f0a. Orkufyrirt\u00e6kin skilu\u00f0u miklum hagna\u00f0i og fyrsti \u00e1rsfj\u00f3r\u00f0ungur \u00feessa \u00e1rs gefur g\u00f3\u00f0 fyrirheit. \u00dear vegur \u00e1lver\u00f0stengingin \u00feungt, en \u00ed henni kristallast a\u00f0 hagsmunir liggja saman, ekki bara \u00feegar vel gengur, heldur einnig \u00feegar gefur \u00e1 b\u00e1tinn.\u201c<\/p>\n\n\n\n<h4 class=\"wp-block-heading\">Af hverju \u00ferj\u00fa \u00e1lver?&nbsp;<\/h4>\n\n\n\n<p>\u201e\u00c9g \u00e6tla a\u00f0 f\u00e1 a\u00f0 hefja erindi mitt h\u00e9r \u00ed dag sem stj\u00f3rnm\u00e1lama\u00f0ur, sem hefur \u00edtreka\u00f0 og oft \u00feurft a\u00f0 \u00fatsk\u00fdra fyrir ungu f\u00f3lki af hverju vi\u00f0 erum me\u00f0 \u00ferj\u00fa st\u00f3r \u00e1lvera \u00e1 \u00cdslandi,\u201c sag\u00f0i \u00c1slaug Arna Sigurbj\u00f6rnsd\u00f3ttir h\u00e1sk\u00f3la-, i\u00f0na\u00f0ar- og n\u00fdsk\u00f6punarr\u00e1\u00f0herra&nbsp;<a href=\"https:\/\/www.youtube.com\/watch?v=trzjVl3c_EQ&amp;list=PLrz2l-L21cuXvr56EF1iD7KTsrPYE7nvZ&amp;index=2\">og m\u00e1 sj\u00e1 r\u00e6\u00f0u hennar h\u00e9r<\/a>. \u201eAf hverju vi\u00f0 notum orkuna \u00ed \u00feetta en ekki eitthva\u00f0 anna\u00f0 og jafnvel hvort \u00fea\u00f0 \u00feurfi \u00ed raun alla \u00fe\u00e1 orku sem vi\u00f0 erum a\u00f0 n\u00fdta. \u00deetta eru allt sanngjarnar og m\u00e1lefnalegar spurningar sem brenna \u00e1 f\u00f3lki \u00e1 \u00f6llum aldri.\u201c<\/p>\n\n\n\n<p>\u00c1slaug Arna h\u00e9lt \u00e1fram: \u201e\u00cd \u00feessari umr\u00e6\u00f0u velti \u00e9g \u00fev\u00ed upp hvernig vi\u00f0 eigum a\u00f0 b\u00faa til rafb\u00edla, s\u00f3larsellur og vindmyllur, sem j\u00fa sama f\u00f3lk er a\u00f0 kalla eftir. \u00de\u00e1 sn\u00fdst nefnilega umr\u00e6\u00f0an hratt. \u00c6tlum vi\u00f0 a\u00f0 kaupa og nota \u00e1l sem er \u00f3umhverfisv\u00e6nt e\u00f0a \u00e6tlum vi\u00f0 a\u00f0 lei\u00f0a heiminn \u00ed \u00feessu eins og svo m\u00f6rgu \u00f6\u00f0ru og vera me\u00f0 umhverfisv\u00e6nsta \u00e1l \u00ed heimi. \u00dear er \u00ed raun spurningin sem vi\u00f0 \u00e6ttum a\u00f0 vera a\u00f0 spyrja okkur h\u00e9r \u00e1 landi og \u00e9g held a\u00f0 \u00feeirri spurningu s\u00e9 svara\u00f0 h\u00e9r \u00ed yfirskrift fundarins um \u00fe\u00e1 gr\u00e6nu vegfer\u00f0 sem \u00e1li\u00f0na\u00f0urinn \u00e1 og a\u00f0 vi\u00f0 s\u00e9um n\u00fa \u00feegar lei\u00f0andi \u00e1 heimsv\u00edsu.\u201c<\/p>\n\n\n\n<h4 class=\"wp-block-heading\">Fars\u00e6l uppbygging \u00ed \u00fe\u00e1gu \u00fej\u00f3\u00f0ar&nbsp;<\/h4>\n\n\n\n<p>L\u00f6g\u00f0 er mikil \u00e1hersla \u00e1 \u00fea\u00f0 hj\u00e1 Landsvirkjun a\u00f0 sty\u00f0ja vi\u00f0 v\u00f6xt og fram\u00fer\u00f3un n\u00faverandi st\u00f3rnotenda, sag\u00f0i H\u00f6r\u00f0ur Arnarson forstj\u00f3ri Landsvirkjun \u00ed erindi s\u00ednu, sem bar yfirskriftina \u201eFars\u00e6l uppbygging \u00ed \u00fe\u00e1gu \u00fej\u00f3\u00f0ar\u201c&nbsp;<a href=\"https:\/\/www.youtube.com\/watch?v=mjk2nfvlgwE\">og finna m\u00e1 h\u00e9r<\/a>. Hann sag\u00f0i \u00fea\u00f0 me\u00f0al annars koma fram \u00ed verkefnum \u00e1 bor\u00f0 vi\u00f0 n\u00fdja steypusk\u00e1la \u00ed Straumsv\u00edk og hj\u00e1 Nor\u00f0ur\u00e1li og straumh\u00e6kkunum.<\/p>\n\n\n\n<p>Hann svara\u00f0i \u00feeirri gagnr\u00fdni sem k\u00e6mi fram hj\u00e1 sumum, a\u00f0 \u00ed sta\u00f0 \u00feess a\u00f0 virkja v\u00e6ri bara h\u00e6gt a\u00f0 loka einu \u00e1lveri.&nbsp;\u201e\u00cd raun og veru v\u00e6ri \u00fea\u00f0 mj\u00f6g r\u00f6ng \u00e1kv\u00f6r\u00f0un og ekki framkv\u00e6manleg. \u00cd fyrsta lagi \u00fat fr\u00e1 loftslagsm\u00e1lum. Ef vi\u00f0 myndum loka \u00e1lveri h\u00e9r til a\u00f0 kn\u00fdja fram orkuskipti, hvort sem \u00e1lverin myndu \u00fe\u00e1 flytja til K\u00edna e\u00f0a anna\u00f0 \u00fear sem v\u00e6ri nota\u00f0 jar\u00f0efnaeldsneyti, \u00fe\u00e1 v\u00e6ru heildar\u00e1hrifin \u00e1 loftslagsm\u00e1lin neikv\u00e6\u00f0. \u00dat fr\u00e1 efnahagsm\u00e1lum er \u00feetta traust atvinnugrein sem skapar \u00fatflutningstekjur \u00ed gegnum efnahagskreppur og stendur mj\u00f6g sterkt fyrir samf\u00e9lagi\u00f0. \u00deannig a\u00f0 \u00fea\u00f0 v\u00e6ri mj\u00f6g sl\u00e6mt efnahagslega. Og samf\u00e9lagslega skapar \u00feetta h\u00e1launast\u00f6rf, eins og vi\u00f0 s\u00e1um hj\u00e1 Einari, \u00e1 st\u00f6\u00f0um \u00fear sem fyrirt\u00e6kin eru mikilv\u00e6gir atvinnurekendur. \u00deannig a\u00f0 hvort sem vi\u00f0 horfum \u00e1 umhverfism\u00e1l, samf\u00e9lagsm\u00e1l e\u00f0a efnahagsm\u00e1l, \u00fe\u00e1 v\u00e6ri \u00fea\u00f0 mj\u00f6g \u00f3skynsamlegt.\u201c<\/p>\n\n\n\n<h4 class=\"wp-block-heading\">Marka\u00f0shorfur \u00e1 \u00f3vissut\u00edmum<\/h4>\n\n\n\n<p>\u00d3vissa er mikil til skamms t\u00edma \u00fat af \u00dakra\u00ednustr\u00ed\u00f0inu og h\u00e6ttu \u00e1 refsia\u00f0ger\u00f0um gegn R\u00fassum, en til lengri t\u00edma er lj\u00f3st a\u00f0 eftispurn mun aukast eftir gr\u00e6nu og kolefnisl\u00e1gu \u00e1li, a\u00f0 s\u00f6gn Joseph Cherrez hj\u00e1 greiningarfyrirt\u00e6kinu CRU og&nbsp;<a href=\"https:\/\/www.youtube.com\/watch?v=wiiPWOg55Os\">m\u00e1 sj\u00e1&nbsp;erindi\u00f0 h\u00e9r<\/a>.&nbsp;\u201e\u00c6tli vi\u00f0 endum ekki \u00e1 spurningu,\u201c sag\u00f0i hann.&nbsp;\u201eEr \u00feetta t\u00e6kif\u00e6ri\u00f0 fyrir \u00cdsland, a\u00f0 breyta vi\u00f0horfi s\u00ednu og \u00fatvega meira gr\u00e6nt \u00e1l&#8230; vi\u00f0 sj\u00e1um merki \u00feess a\u00f0 n\u00fa \u00feegar s\u00e9 gr\u00e6nt \u00e1l fari\u00f0 a\u00f0 skila h\u00e6rra ver\u00f0i.\u201c&nbsp;&nbsp;<\/p>\n\n\n\n<h4 class=\"wp-block-heading\">Getum veri\u00f0 \u00ed fararbroddi&nbsp;<\/h4>\n\n\n\n<p>\u201e\u00cdslendingar taka \u00fev\u00ed oft sem sj\u00e1lfs\u00f6g\u00f0um hlut a\u00f0 raforkukerfi\u00f0 okkar byggist upp \u00e1 endurn\u00fdjanlegri orku,\u201c sag\u00f0i Gu\u00f0r\u00fan S\u00e6varsd\u00f3ttir d\u00f3sent vi\u00f0 H\u00e1sk\u00f3lann \u00ed Reykjav\u00edk, sem fjalla\u00f0i um lei\u00f0ina a\u00f0 kolefnishlutleysi \u00ed erindi s\u00ednu,&nbsp;<a href=\"https:\/\/www.samal.is\/is\/frettir-1\/%20https:\/\/www.youtube.com\/watch?v=eL4kaw2SUKI\">sem sj\u00e1 m\u00e1 h\u00e9r<\/a>. \u201eEn \u00ed heiminum \u00fe\u00e1 er orkunotkun 85% af jar\u00f0efnaeldsneyti \u00e1ri\u00f0 2019, sem er l\u00edtil breyting fr\u00e1 2000 \u00fer\u00e1tt fyrir alla \u00feessa \u00e1herslu \u00e1 uppbyggingu s\u00f3larorku- og vindorkuvera.\u201c<\/p>\n\n\n\n<p>H\u00fan f\u00f3r yfir \u00f3l\u00edkar lei\u00f0ir til kolefnishlutleysis \u00ed \u00e1lverum og k\u00edsilverum, en allar eiga \u00fe\u00e6r sameiginlegt a\u00f0 t\u00e6knin er enn \u00ed \u00fer\u00f3un, og lag\u00f0i \u00e1herslu \u00e1 a\u00f0 \u00cdsland g\u00e6ti veri\u00f0 \u00ed fararbroddi ef allir leg\u00f0ust \u00e1 eitt, atvinnul\u00edfi\u00f0, stj\u00f3rnv\u00f6ld og ranns\u00f3knarsamf\u00e9lagi\u00f0.&nbsp;<\/p>\n\n\n\n<p>L\u00edfi\u00f0 \u00ed \u00feorpinu<\/p>\n\n\n\n<p>Samhli\u00f0a \u00e1rsfundinum var kynnt til s\u00f6gunnar s\u00fdningin L\u00edfi\u00f0 \u00ed \u00feorpinu, en \u00fear eru sag\u00f0ar s\u00f6gur 21 starfsmanns \u00ed \u00e1lverum, jafnt af \u00fe\u00e1ttt\u00f6ku \u00feeirra \u00ed samf\u00e9laginu \u00ed \u00e1lverum sem l\u00edkja m\u00e1 vi\u00f0 \u00feorp og eins fj\u00f6lskyldul\u00edfi\u00f0 og \u00e1hugam\u00e1lin utan vinnu.&nbsp;<a href=\"https:\/\/www.youtube.com\/watch?v=_Rcm1DEJw4w&amp;list=PLrz2l-L21cuXvr56EF1iD7KTsrPYE7nvZ&amp;index=6\">H\u00e9r m\u00e1 sj\u00e1<\/a>&nbsp;P\u00e9tur Bl\u00f6ndal framkv\u00e6mdastj\u00f3ra Sam\u00e1ls lei\u00f0a f\u00f3lk inn \u00ed L\u00edfi\u00f0 \u00ed \u00feorpinu \u00ed lok \u00e1rsfundar.&nbsp;<\/p>\n\n\n\n<p>Fundarstj\u00f3ri var S\u00f3lveig Bergmann, yfirma\u00f0ur samskiptasvi\u00f0s Nor\u00f0ur\u00e1ls. A\u00f0 venju var bo\u00f0i\u00f0 upp \u00e1 morgunver\u00f0 fyrir \u00e1rsfund og netager\u00f0 a\u00f0 honum loknum og sk\u00f6pu\u00f0ust l\u00edflegar umr\u00e6\u00f0ur.<\/p>","protected":false},"excerpt":{"rendered":"<p>\u201eGr\u00e6n vegfer\u00f0 \u00ed \u00e1li\u00f0na\u00f0i\u201c var yfirskrift \u00e1rsfundar Sam\u00e1ls 2022 sem haldinn var \u00ed Kaldal\u00f3ni \u00ed H\u00f6rpu a\u00f0 morgni 31. ma\u00ed. Fundurinn var vel s\u00f3ttur sem endran\u00e6r og var um fjalla\u00f0 st\u00f6\u00f0u og horfur \u00ed \u00e1li\u00f0na\u00f0i og lei\u00f0ina a\u00f0 kolefnishlutleysi fyrir \u00edslensk \u00e1lver.\u00a0H\u00e9r m\u00e1 sj\u00e1 stutta samantekt fr\u00e1 fundinum.\u00a0 Innlendur kostna\u00f0ur 123 milljar\u00f0ar \u00datflutningstekjur vegna \u00e1lframlei\u00f0slu [&hellip;]<\/p>","protected":false},"author":2,"featured_media":0,"comment_status":"open","ping_status":"open","sticky":false,"template":"","format":"standard","meta":{"site-sidebar-layout":"default","site-content-layout":"","ast-site-content-layout":"default","site-content-style":"default","site-sidebar-style":"default","ast-global-header-display":"","ast-banner-title-visibility":"","ast-main-header-display":"","ast-hfb-above-header-display":"","ast-hfb-below-header-display":"","ast-hfb-mobile-header-display":"","site-post-title":"","ast-breadcrumbs-content":"","ast-featured-img":"","footer-sml-layout":"","ast-disable-related-posts":"","theme-transparent-header-meta":"","adv-header-id-meta":"","stick-header-meta":"","header-above-stick-meta":"","header-main-stick-meta":"","header-below-stick-meta":"","astra-migrate-meta-layouts":"set","ast-page-background-enabled":"default","ast-page-background-meta":{"desktop":{"background-color":"","background-image":"","background-repeat":"repeat","background-position":"center center","background-size":"auto","background-attachment":"scroll","background-type":"","background-media":"","overlay-type":"","overlay-color":"","overlay-opacity":"","overlay-gradient":""},"tablet":{"background-color":"","background-image":"","background-repeat":"repeat","background-position":"center center","background-size":"auto","background-attachment":"scroll","background-type":"","background-media":"","overlay-type":"","overlay-color":"","overlay-opacity":"","overlay-gradient":""},"mobile":{"background-color":"","background-image":"","background-repeat":"repeat","background-position":"center center","background-size":"auto","background-attachment":"scroll","background-type":"","background-media":"","overlay-type":"","overlay-color":"","overlay-opacity":"","overlay-gradient":""}},"ast-content-background-meta":{"desktop":{"background-color":"var(--ast-global-color-5)","background-image":"","background-repeat":"repeat","background-position":"center center","background-size":"auto","background-attachment":"scroll","background-type":"","background-media":"","overlay-type":"","overlay-color":"","overlay-opacity":"","overlay-gradient":""},"tablet":{"background-color":"var(--ast-global-color-5)","background-image":"","background-repeat":"repeat","background-position":"center center","background-size":"auto","background-attachment":"scroll","background-type":"","background-media":"","overlay-type":"","overlay-color":"","overlay-opacity":"","overlay-gradient":""},"mobile":{"background-color":"var(--ast-global-color-5)","background-image":"","background-repeat":"repeat","background-position":"center center","background-size":"auto","background-attachment":"scroll","background-type":"","background-media":"","overlay-type":"","overlay-color":"","overlay-opacity":"","overlay-gradient":""}},"footnotes":""},"categories":[17,1],"tags":[],"class_list":["post-2074","post","type-post","status-publish","format-standard","hentry","category-arsfundir","category-oflokkad"],"_links":{"self":[{"href":"https:\/\/samal.is\/en\/wp-json\/wp\/v2\/posts\/2074","targetHints":{"allow":["GET"]}}],"collection":[{"href":"https:\/\/samal.is\/en\/wp-json\/wp\/v2\/posts"}],"about":[{"href":"https:\/\/samal.is\/en\/wp-json\/wp\/v2\/types\/post"}],"author":[{"embeddable":true,"href":"https:\/\/samal.is\/en\/wp-json\/wp\/v2\/users\/2"}],"replies":[{"embeddable":true,"href":"https:\/\/samal.is\/en\/wp-json\/wp\/v2\/comments?post=2074"}],"version-history":[{"count":1,"href":"https:\/\/samal.is\/en\/wp-json\/wp\/v2\/posts\/2074\/revisions"}],"predecessor-version":[{"id":2075,"href":"https:\/\/samal.is\/en\/wp-json\/wp\/v2\/posts\/2074\/revisions\/2075"}],"wp:attachment":[{"href":"https:\/\/samal.is\/en\/wp-json\/wp\/v2\/media?parent=2074"}],"wp:term":[{"taxonomy":"category","embeddable":true,"href":"https:\/\/samal.is\/en\/wp-json\/wp\/v2\/categories?post=2074"},{"taxonomy":"post_tag","embeddable":true,"href":"https:\/\/samal.is\/en\/wp-json\/wp\/v2\/tags?post=2074"}],"curies":[{"name":"wp","href":"https:\/\/api.w.org\/{rel}","templated":true}]}}