{"id":2079,"date":"2019-03-19T14:46:59","date_gmt":"2019-03-19T14:46:59","guid":{"rendered":"https:\/\/lightskyblue-grasshopper-667170.hostingersite.com\/?p=2079"},"modified":"2026-03-19T14:50:12","modified_gmt":"2026-03-19T14:50:12","slug":"arsfundur-2019-al-er-hluti-af-lausninni","status":"publish","type":"post","link":"https:\/\/samal.is\/en\/arsfundur-2019-al-er-hluti-af-lausninni\/","title":{"rendered":"\u00c1rsfundur 2019 &#8211; \u00c1l er hluti af lausninni"},"content":{"rendered":"<p>\u201e\u00c1l er hluti af lausninni\u201c var yfirskrift vel s\u00f3tts \u00e1rsfundar Sam\u00e1ls sem haldinn var \u00ed Kaldal\u00f3ni \u00ed H\u00f6rpu a\u00f0 morgni 9. ma\u00ed. Loftslagsm\u00e1lin voru \u00ed brennidepli og&nbsp;<a href=\"https:\/\/www.youtube.com\/watch?v=OQDGAR13gnc\">h\u00e9r m\u00e1 sj\u00e1 stutta samantekt fr\u00e1 fundinum um \u00feau<\/a>.<\/p>\n\n\n\n<p>&nbsp;<br>Fundargestum gafst kostur \u00e1 a\u00f0 sko\u00f0a n\u00fdjan rafb\u00edl Jaguar I-Pace og eins spreyta sig \u00e1 \u00f6ryggis\u00fej\u00e1lfun \u00ed s\u00fdndarveruleika, en \u00f6ryggism\u00e1lin eru jafnan \u00ed forgrunni \u00ed \u00e1lverum&nbsp;<a href=\"https:\/\/www.youtube.com\/watch?v=14oqq9JX2uk\">eins og fr\u00e6\u00f0ast m\u00e1 um h\u00e9r.<\/a><br>&nbsp;<br><strong>Innlendur kostna\u00f0ur 86 milljar\u00f0ar<\/strong><br>\u00datflutningsver\u00f0m\u00e6ti \u00e1ls n\u00e1mu um 230 millj\u00f6r\u00f0um og innlendur kostna\u00f0ur um 86 millj\u00f6r\u00f0um. \u00deetta kom fram \u00ed upphafserindi Magn\u00fasar \u00de\u00f3rs \u00c1smundssonar stj\u00f3rnarformanns Sam\u00e1ls og forstj\u00f3ra Fjar\u00f0a\u00e1ls.<br>&nbsp;<br><a href=\"https:\/\/www.youtube.com\/watch?v=PMsmUcUIm4o&amp;list=PLrz2l-L21cuW7hA1vuR6vQU0AFskhK8de\">H\u00e9r m\u00e1 hl\u00fd\u00f0a \u00e1 \u00fea\u00f0.&nbsp;<\/a><br>&nbsp;<br>Af innlendum kostna\u00f0i nam raforka um 40 millj\u00f6r\u00f0um og er \u00fe\u00e1 mi\u00f0a\u00f0 vi\u00f0 raforkunotkun \u00e1lvera og me\u00f0alver\u00f0 Landsvirkjunar til i\u00f0na\u00f0ar. \u00de\u00e1 keyptu \u00e1lverin innlendar v\u00f6rur og \u00fej\u00f3nustu fyrir 23 milljar\u00f0a, laun og launatengd gj\u00f6ld n\u00e1mu um 19 millj\u00f6r\u00f0um, opinber gj\u00f6ld um 4 millj\u00f6r\u00f0um og styrkir til samf\u00e9lagsm\u00e1la 185 millj\u00f3num.&nbsp;<br>&nbsp;<br>Magn\u00fas rifja\u00f0i upp a\u00f0 \u00e1lveri\u00f0 \u00ed Straumsv\u00edk hef\u00f0i a\u00f0eins veri\u00f0 33 \u00fe\u00fasund tonn \u00feegar \u00fea\u00f0 h\u00f3f starfsemi \u00e1ri\u00f0 1969, en \u00ed dag v\u00e6ri framlei\u00f0slugetan komin yfir 200 \u00fe\u00fasund tonn og afur\u00f0irnar s\u00e9rh\u00e6f\u00f0ar m\u00e1lmbl\u00f6ndur fyrir um 100 vi\u00f0skiptavini \u00ed um 20 l\u00f6ndum. Lj\u00f3st v\u00e6ri a\u00f0 ef ekkert hef\u00f0i veri\u00f0 fj\u00e1rfest \u00ed \u00e1lverinu fr\u00e1 stofnun \u00feess, \u00fe\u00e1 v\u00e6ri \u00fea\u00f0 ekki starfandi \u00ed dag. \u00dea\u00f0 undirstrika\u00f0i mikilv\u00e6gi st\u00f6\u00f0ugra fj\u00e1rfestinga og uppbyggingar \u00ed \u00e1li\u00f0na\u00f0i, ekkert s\u00ed\u00f0ur en \u00ed sj\u00e1var\u00fatvegi e\u00f0a \u00f6\u00f0rum atvinnugreinum.<br>En til \u00feess \u00feyrfti rekstrarumhverfi\u00f0 h\u00e9r \u00e1 landi a\u00f0 vera samkeppnish\u00e6ft.<br>&nbsp;<br>Magn\u00fas benti \u00e1 a\u00f0 \u00ed n\u00fdrri sk\u00fdrslu OECD k\u00e6mi fram a\u00f0 \u00e1lframlei\u00f0sla v\u00e6ri ni\u00f0urgreidd af stj\u00f3rnv\u00f6ldum allt \u00ed kringum okkur, K\u00edna, Mi\u00f0-Austurl\u00f6ndum og jafnvel Kanada. Og ef vi\u00f0 horfum til Noregs, \u00fe\u00e1 grei\u00f0a stj\u00f3rnv\u00f6ld ni\u00f0ur \u00fea\u00f0 orkuver\u00f0 sem uppgefi\u00f0 er til st\u00f3ri\u00f0ju, og \u00feannig er \u00fea\u00f0 l\u00edka \u00ed \u00de\u00fdskalandi og Frakklandi. Hann sag\u00f0i \u00fev\u00ed mikilv\u00e6gt a\u00f0 stj\u00f3rnv\u00f6ld leg\u00f0u rauns\u00e6tt mat \u00e1 samkeppnisst\u00f6\u00f0u \u00edslensks orkui\u00f0na\u00f0ar \u2013 n\u00fa \u00feegar unni\u00f0 v\u00e6ri a\u00f0 m\u00f3tun orkustefnu fyrir \u00cdsland.&nbsp;<br><br><strong>Horft til framt\u00ed\u00f0ar \u00e1 t\u00edmam\u00f3tum<\/strong><br>Katr\u00edn Jakobsd\u00f3ttir fors\u00e6tisr\u00e1\u00f0herra flutti \u00e1varp \u00e1 \u00e1rsfundinum. \u00cd erindi s\u00ednu hr\u00f3sa\u00f0i h\u00fan frumkv\u00e6\u00f0i \u00e1lvera og fleiri fyrirt\u00e6kja \u00ed MeToo-umr\u00e6\u00f0unni, en Magn\u00fas haf\u00f0i komi\u00f0 inn \u00e1 \u00feau m\u00e1l \u00ed s\u00ednu erindi og l\u00fdst hvernig teki\u00f0 hef\u00f0i veri\u00f0 \u00e1 \u00feeim hj\u00e1 Fjar\u00f0a\u00e1li. \u201e\u00c9g vil nota t\u00e6kif\u00e6ri\u00f0 h\u00e9r \u00ed upphafi m\u00edns stutta \u00e1varps til a\u00f0 \u00feakka ykkur fyrir \u00feau vi\u00f0br\u00f6g\u00f0, \u00fev\u00ed \u00fea\u00f0 er gr\u00ed\u00f0arlega mikilv\u00e6gt hverju samf\u00e9lagi a\u00f0 tryggja \u00fea\u00f0 a\u00f0 b\u00e6\u00f0i karlar og konur upplifi \u00f6ruggt samf\u00e9lag \u2013 a\u00f0 vi\u00f0 \u00feurfum ekki a\u00f0 \u00f3ttast \u00fea\u00f0 a\u00f0 ver\u00f0a fyrir \u00e1reitni e\u00f0a ofbeldi \u00e1 okkar vinnust\u00f6\u00f0um,\u201c sag\u00f0i Katr\u00edn.<br>&nbsp;<br>H\u00fan b\u00e6tti vi\u00f0 a\u00f0 mikilv\u00e6gt skref v\u00e6ri a\u00f0 jafna hlut kvenna og karla \u00e1 vinnust\u00f6\u00f0um, sem ger\u00f0i alla vinnusta\u00f0i betri, a\u00f0 hafa b\u00e6\u00f0i karla og konur vi\u00f0 bor\u00f0i\u00f0 \u2013 og helst \u00ed eins j\u00f6fnum m\u00e6li og unnt er \u00fev\u00ed \u00fea\u00f0 breytti \u00e1kvar\u00f0anat\u00f6kunni. H\u00fan sag\u00f0i a\u00f0 r\u00e1\u00f0stefna yr\u00f0i haldin \u00ed haust um \u00feessi efni og \u00fea\u00f0 v\u00e6ri \u00e1hugavert a\u00f0 f\u00e1 \u00feanga\u00f0 inn s\u00f6gur um hvernig brug\u00f0ist hef\u00f0i veri\u00f0 vi\u00f0 \u00ed atvinnul\u00edfinu.<\/p>\n\n\n\n<p><a href=\"https:\/\/www.youtube.com\/watch?v=_chXpzEvnPE\">H\u00e9r m\u00e1 hl\u00fd\u00f0a \u00e1 erindi Katr\u00ednar.<\/a><\/p>\n\n\n\n<p>Katr\u00edn \u00f3ska\u00f0i \u00e1lfyrirt\u00e6kjum til hamingju me\u00f0 50 \u00e1ra afm\u00e6li\u00f0 og sag\u00f0i \u00fea\u00f0 merkilegan \u00e1fanga \u00ed s\u00f6gu \u00feeirra. \u201eEn \u00fea\u00f0 sem m\u00e9r finnst mikilv\u00e6gt a\u00f0 fagna er a\u00f0 \u00fei\u00f0 eru\u00f0 a\u00f0 horfa til framt\u00ed\u00f0ar. Og \u00e9g held \u00fea\u00f0 s\u00e9 gr\u00ed\u00f0arlega mikilv\u00e6gt a\u00f0 vi\u00f0 gerum \u00fea\u00f0 saman eins og kom fram \u00ed m\u00e1li Magn\u00fasar h\u00e9r \u00e1\u00f0an, \u00fear sem \u00fei\u00f0 eru\u00f0 a\u00f0 setja umhverfis- og \u00f6ryggism\u00e1lin \u00ed brennidepil. \u00dea\u00f0 er ekki bara g\u00f3\u00f0 \u00e1hersla \u00e1 \u00feessum t\u00edmam\u00f3tum, heldur l\u00edka l\u00edfsnau\u00f0synleg.\u201c&nbsp;<br>&nbsp;<br>H\u00fan sag\u00f0ist \u00e6tla a\u00f0 n\u00fdta t\u00edma sinn \u00e1 fundinum til a\u00f0 tala um loftslagsm\u00e1lin. \u201e\u00c9g hitti ekki \u00fea\u00f0 unga f\u00f3lk \u00ed dag sem ekki vill tala um loftslagsm\u00e1l. Og ekki bara tala um \u00feau, heldur segir: \u201eN\u00fa er ykkar a\u00f0 breg\u00f0ast vi\u00f0 og gr\u00edpa til a\u00f0ger\u00f0a.\u201c \u00deetta er ekki bara hreyfing hj\u00e1 ungu f\u00f3lki \u00e1 \u00cdslandi, \u00feetta er hreyfing um allan heim. \u00c9g var \u00ed Bretlandi \u00ed s\u00ed\u00f0ustu viku og \u00fear var ekki tala\u00f0 um neitt anna\u00f0 en loftslagsm\u00e1l. En kannski eru \u00feau l\u00edka fegin a\u00f0 \u00feurfa \u00fe\u00e1 ekki a\u00f0 tala um Brexit, a\u00f0 f\u00e1 hv\u00edld fr\u00e1 \u00fev\u00ed umr\u00e6\u00f0uefni.\u201c<br>&nbsp;<br>Katr\u00edn sag\u00f0i a\u00f0 fyrstu \u00e1\u00fereifanlegu a\u00f0ger\u00f0irnar \u00ed a\u00f0ger\u00f0a\u00e1\u00e6tlun r\u00edkisstj\u00f3rnarinnar \u00ed loftslagsm\u00e1lum yr\u00f0i kynntar \u00ed ma\u00ed, annarsvegar um hvernig r\u00e1\u00f0ist yr\u00f0i \u00ed orkuskipti \u00ed samg\u00f6ngum og hinsvegar um aukna kolefnisbindingu. Markmi\u00f0i\u00f0 v\u00e6ri a\u00f0 \u00cdsland yr\u00f0i kolefnishlutlaust \u00e1ri\u00f0 2040. H\u00fan fagna\u00f0i \u00feeirri \u00e1herslu sem sett v\u00e6ri fram me\u00f0 yfirskrift \u00e1rsfundarins, a\u00f0 \u00e1l v\u00e6ri hluti af lausninni \u00ed loftslagsm\u00e1lum. \u201eVi\u00f0 \u00feurfum a\u00f0 setja okkur \u00ed s\u00f3knarstellingar. Og vi\u00f0 \u00feurfum a\u00f0 setja okkur metna\u00f0arfull markmi\u00f0. Og vi\u00f0 munum aldrei n\u00e1 markmi\u00f0inu um kolefnislaust \u00cdsland 2040 nema vi\u00f0 gerum \u00fea\u00f0 saman. \u00deess vegna hef \u00e9g lagt mikla \u00e1herslu \u00e1 \u00fea\u00f0 a\u00f0 stj\u00f3rnv\u00f6ld og atvinnurekendur n\u00e1i&nbsp;saman um a\u00f0 setja s\u00e9r markmi\u00f0 og vinna a\u00f0 a\u00f0ger\u00f0um til a\u00f0 n\u00e1 \u00feeim markmi\u00f0um. \u00c9g hef fundi\u00f0 fyrir miklum \u00e1huga atvinnul\u00edfsins \u00e1 loftslagsm\u00e1lum. Og \u00e9g vil \u00edtreka a\u00f0 \u00fea\u00f0 sama \u00e1 vi\u00f0 \u00fear og \u00feegar kemur a\u00f0 kynjajafnr\u00e9tti a\u00f0 \u00fea\u00f0 er mj\u00f6g \u00e1n\u00e6gjulegt og \u00fea\u00f0 skiptir \u00f6llu.\u201c<br>&nbsp;<br>H\u00fan sag\u00f0i \u00e1n\u00e6gjulegt a\u00f0 segja fr\u00e1 \u00fev\u00ed a\u00f0 undirb\u00faningur stofnunar samr\u00e1\u00f0svettvangs stj\u00f3rnvalda og atvinul\u00edfs um loftslagsm\u00e1l og \u00fatflutning gr\u00e6nna lausna v\u00e6ri langt kominn og \u00fear hef\u00f0u stj\u00f3rnv\u00f6ld lagt r\u00edka \u00e1herslu \u00e1 a\u00f0 fyrirt\u00e6ki m\u00f6rku\u00f0u s\u00e9r stefnu um samdr\u00e1tt \u00ed losun og kolefnishlutleysi. \u00cd salnum v\u00e6ru forsvarsmenn fyrirt\u00e6kja sem hef\u00f0u miki\u00f0 a\u00f0 segja um hvort \u00e1rangur n\u00e6\u00f0ist \u00e1 n\u00e6stu \u00e1rum. T\u00e6knilausnir til a\u00f0 draga frekar \u00far losun var\u00f0andi flug v\u00e6ru skammt \u00e1 veg komnar, en \u00feegar k\u00e6mi a\u00f0 lausnum sem g\u00e6tu n\u00fdst st\u00f3ri\u00f0junni v\u00e6rum vi\u00f0 lengra \u00e1 veg komin. \u201eVi\u00f0 eygjum \u00ed sj\u00f3nm\u00e1li lausnir sem munu \u00ed framt\u00ed\u00f0inni geta \u00fe\u00fdtt kolefnishlutlaus \u00e1lver. Okkur ber skylda til a\u00f0 n\u00fdta \u00fe\u00e6r lausnir, s\u00fdna fram \u00e1 a\u00f0 okkar litla land geti veri\u00f0 \u00ed fararbroddi \u00ed bar\u00e1ttunni gegn loftslagsbreytingum.\u201c<br>&nbsp;<br>Katr\u00edn sag\u00f0i kostna\u00f0inn vi\u00f0 losunarheimildir hafa h\u00e6kka\u00f0 verulega \u00ed ETS-vi\u00f0skiptakerfinu og umhugsunarefni ef hann jafna\u00f0ist \u00e1 vi\u00f0 kostna\u00f0inn vi\u00f0 a\u00f0 d\u00e6la koltv\u00eds\u00fdringi ni\u00f0ur \u00ed basaltr\u00edk jar\u00f0l\u00f6g og binda hann \u00fear um aldur og \u00e6vi, eins og gert v\u00e6ri \u00ed Carbfix-verkefninu \u00e1 Hellishei\u00f0i. \u201e\u00c9g nefni \u00feetta d\u00e6mi \u00fev\u00ed a\u00f0 ver\u00f0\u00fer\u00f3unin og hinar \u00f6ru t\u00e6knibreytingar beinl\u00ednis kalla \u00e1 okkur og \u00feessa lausn \u00fearf a\u00f0 sko\u00f0a gaumg\u00e6filega fyrir \u00e1li\u00f0na\u00f0inn sem og a\u00f0rar m\u00f6gulegar lausnir.\u201c&nbsp;<br>&nbsp;<br>H\u00fan sag\u00f0i a\u00f0 fj\u00f3r\u00f0a i\u00f0nbyltingin \u00e1samt loftslagsbreytingum v\u00e6ru l\u00edklega tv\u00e6r st\u00e6rstu \u00e1skoranir sem bl\u00f6stu vi\u00f0 \u00edslensku samf\u00e9lagi. \u201e\u00dear held \u00e9g l\u00edka a\u00f0 lausnirnar muni fara saman. T\u00e6knibreytingar munu skipta m\u00e1li \u00ed bar\u00e1ttunni gegn loftslagsbreytingum. Stj\u00f3rnv\u00f6ld munu setja auki\u00f0 f\u00e9 \u00ed ranns\u00f3knir og n\u00fdsk\u00f6punar \u00ed verkefni sem munu skipta m\u00e1li fyrir loftslagi\u00f0. Og \u00fear skiptir \u00f6llu einmitt a\u00f0 vi\u00f0 setjum okkur \u00ed s\u00f3knarhug og tryggjum \u00fea\u00f0 a\u00f0 t\u00e6knibreytingarnar muni ekki st\u00fdra okkur heldur a\u00f0 vi\u00f0 munum n\u00fdta t\u00e6knibreytingarnar til framfara fyrir okkur \u00f6ll.\u201c &nbsp;<br><br><strong>Heildarframlag \u00e1li\u00f0na\u00f0ar 1.150 milljar\u00f0ar<\/strong><br>\u201eVer\u00f0m\u00e6task\u00f6pun \u00ed h\u00e1lfa \u00f6ld\u201c var yfirskrift erindis Ing\u00f3lfs Benders, a\u00f0alhagfr\u00e6\u00f0ings Samtaka i\u00f0na\u00f0arins, \u00fear sem hann ger\u00f0i skil \u00feeim framf\u00f6rum sem or\u00f0i\u00f0 hafa \u00ed \u00edslensku samf\u00e9lagi fr\u00e1 \u00fev\u00ed \u00e1lframlei\u00f0sla h\u00f3fst \u00e1 \u00cdslandi.<br>&nbsp;<br><a href=\"https:\/\/www.youtube.com\/watch?v=BuRX4b3z49s\">H\u00e9r m\u00e1 hl\u00fd\u00f0a \u00e1 erindi Ing\u00f3lfs.&nbsp;<\/a><br>&nbsp;<br>Landsframlei\u00f0sla \u00e1 mann hefur vaxi\u00f0 \u00far \u00fev\u00ed a\u00f0 vera \u00ed me\u00f0allagi \u00ed Evr\u00f3pu \u00ed a\u00f0 vera helmingi meiri en almennt t\u00ed\u00f0kast \u2013 og hafa \u00fe\u00f3 l\u00edfskj\u00f6r batna\u00f0 verulega um alla \u00e1lfuna. \u00cdslendingar hafa me\u00f0 \u00fatflutningi \u00e1 \u00e1li fengi\u00f0 n\u00fdja sto\u00f0 \u00ed efnahagsl\u00edfi\u00f0 sem dregur verulega \u00far sveiflum og skapar d\u00fdrm\u00e6tan gjaldeyri, auk \u00feess sem laun \u00ed \u00e1li\u00f0na\u00f0i eru vel yfir me\u00f0allagi og spennandi t\u00e6kif\u00e6ri hafa skapast \u00ed orkui\u00f0na\u00f0i.<br>&nbsp;<br>\u00cd samantekt sem Ing\u00f3lfur Bender, a\u00f0alhagfr\u00e6\u00f0ingur Samtaka i\u00f0na\u00f0arins, teflir fram \u00e1 \u00e1rsfundinum kemur m.a. fram a\u00f0 \u00fatflutningur \u00e1 i\u00f0na\u00f0arv\u00f6rum hefur vaxi\u00f0 \u00far 11 millj\u00f6r\u00f0um \u00ed 321 milljar\u00f0 \u00e1 f\u00f6stu ver\u00f0lagi, sem er aukning upp \u00e1 hvorki meira n\u00e9 minna en 2.660% og munar \u00fear mestu um \u00e1li\u00f0. Alls reiknast honum svo til a\u00f0 me\u00f0 \u00f3beinu framlagi hafi heildarframlag \u00e1li\u00f0na\u00f0ar til innlendrar ver\u00f0m\u00e6task\u00f6punar veri\u00f0 1.150 milljar\u00f0ar \u00e1 \u00feeirri h\u00e1lfu \u00f6ld sem li\u00f0in er. En \u00fear munar au\u00f0vita\u00f0 mest um framlagi\u00f0 s\u00ed\u00f0asta \u00e1ratuginn e\u00f0a fr\u00e1 \u00fev\u00ed Fjar\u00f0a\u00e1l h\u00f3f starfsemi \u00e1ri\u00f0 2008.&nbsp;<br>&nbsp;<br>Ef vi\u00f0 horfum til d\u00e6mis \u00e1 launakostna\u00f0, \u00fe\u00e1 f\u00e9llu 140 milljar\u00f0ar \u00ed hlut starfsmanna \u00ed \u00e1li\u00f0na\u00f0i fr\u00e1 2008 til 2017, en upph\u00e6\u00f0in tv\u00f6faldast ef vi\u00f0 horfum alveg aftur til \u00e1rsins 1973. \u00c1st\u00e6\u00f0an er s\u00fa a\u00f0 \u00e1li\u00f0na\u00f0urinn var au\u00f0vita\u00f0 mun sm\u00e6rri \u00ed sni\u00f0um fyrstu \u00e1ratugina.&nbsp;<br><br><strong>Mikilv\u00e6gt a\u00f0 horfa hnattr\u00e6nt \u00e1 loftslagsm\u00e1lin<\/strong><br>En \u00fea\u00f0 voru loftslagsm\u00e1l og umhverfism\u00e1l sem voru \u00ed forgrunni \u00e1 fundinum, en \u00feau eru kjarnastarfsemi \u00e1lvera \u00fear sem mikil \u00e1hersla er l\u00f6g\u00f0 \u00e1 a\u00f0 l\u00e1gmarka \u00e1hrif \u00e1 umhverfi\u00f0. Steinunn D\u00f6gg Steinsen framkv\u00e6mdastj\u00f3ri umhverfis- og \u00f6ryggism\u00e1la hj\u00e1 Nor\u00f0ur\u00e1li ger\u00f0i skil \u00feeim \u00e1rangri sem n\u00e1\u00f0st hefur, en kolefnislosun \u00e1lvera hefur dregist saman um 75% fr\u00e1 \u00e1rinu 1990.<br>&nbsp;<br><a href=\"https:\/\/www.youtube.com\/watch?v=VHGO1UpoAPI\">H\u00e9r m\u00e1 hl\u00fd\u00f0a \u00e1 erindi Steinunnar.&nbsp;&nbsp;<\/a><br>&nbsp;<br>H\u00fan sag\u00f0i a\u00f0 \u00fea\u00f0 gleymdist oft \u00ed umr\u00e6\u00f0unni a\u00f0 loftslagsm\u00e1lin v\u00e6ru hnattr\u00e6n \u00ed e\u00f0li s\u00ednu. \u00dea\u00f0 ger\u00f0i \u00fev\u00ed bara illt verra a\u00f0 draga \u00far losun \u00e1 einum sta\u00f0, til \u00feess eins a\u00f0 h\u00fan ykist \u00e1 \u00f6\u00f0rum. St\u00e6rsta framlag \u00e1lframlei\u00f0slu \u00e1 \u00cdslandi f\u00e6list \u00ed a\u00f0 notu\u00f0 v\u00e6ri endurn\u00fdjanleg orka til a\u00f0 kn\u00fdja framlei\u00f0sluna. \u00c1st\u00e6\u00f0an er s\u00fa a\u00f0 almennt er \u00fea\u00f0 orkuvinnslan sj\u00e1lf sem losar mest \u00feegar \u00e1l er framleitt.<br>&nbsp;<br>Ef vi\u00f0 horfum \u00fat fyrir landsteinana, \u00fe\u00e1 er \u00e1lframlei\u00f0sla \u00ed K\u00edna a\u00f0 mestu kn\u00fain me\u00f0 kolum og losunin \u00fev\u00ed allt a\u00f0 t\u00edfalt meiri og \u00ed Mi\u00f0-Austurl\u00f6ndum er h\u00fan kn\u00fain me\u00f0 gasi sem losar um sexfalt meira. \u00dea\u00f0 kom fram \u00ed m\u00e1li Steinunnar a\u00f0 ef allt \u00e1l v\u00e6ri framleitt me\u00f0 endurn\u00fdjanlegum orkugj\u00f6fum eins og h\u00e9r \u00e1 \u00cdslandi, \u00fe\u00e1 myndi sparast losun upp \u00e1 550 millj\u00f3nir tonna \u00e1 \u00e1ri af CO2 \u00edgildum. Til samanbur\u00f0ar er heildarlosun \u00cdslands um 4,5 millj\u00f3nir tonna.<br><br><strong>\u00d6ryggis\u00fej\u00e1lfun \u00ed s\u00fdndarveruleika<\/strong><br>N\u00fdsk\u00f6pun \u00ed \u00f6ryggism\u00e1lum var umfj\u00f6llunarefni Krist\u00ednar Sigurj\u00f3nsd\u00f3ttur framkv\u00e6mdastj\u00f3ra AMS, sem er ranns\u00f3knarstofnun \u00e1lvera \u00e1 Nor\u00f0url\u00f6ndum \u00ed \u00f6ryggis-, heilsu og umhverfism\u00e1lum. Fyrr \u00ed vikunni var a\u00f0alfundur AMS einmitt haldinn h\u00e9r \u00e1 landi og vinnustofa \u00ed \u00e1h\u00e6ttust\u00fdringu.<\/p>\n\n\n\n<p><a href=\"https:\/\/www.youtube.com\/watch?v=iFDQQpfMbEI\">H\u00e9r m\u00e1 hl\u00fd\u00f0a \u00e1 erindi Krist\u00ednar.<\/a><\/p>\n\n\n\n<p>\u00dea\u00f0 m\u00e1 heita n\u00fdst\u00e1rlegt \u00ed uppbyggingu samtakanna a\u00f0 \u00ed stj\u00f3rn og \u00ed verkefnum \u00e1 vegum samtakanna er jafnt hlutfall stj\u00f3rnenda og starfsmanna \u00e1lvera og sag\u00f0i Krist\u00edn \u00fea\u00f0 lykilinn a\u00f0 \u00fev\u00ed a\u00f0 n\u00e1 \u00e1rangri \u00ed \u00feessum m\u00e1lum. H\u00fan sag\u00f0i \u00f6ruggan vinnusta\u00f0 fela \u00ed s\u00e9r a\u00f0 stj\u00f3rnkerfi\u00f0 og vinnusta\u00f0amenningin v\u00e6ru \u00ed jafnv\u00e6gi og styddu hvort anna\u00f0. \u201eTil \u00feess a\u00f0 \u00fea\u00f0 geti gerst er mj\u00f6g mikilv\u00e6gt a\u00f0 starfsmenn s\u00e9u hluti af \u00fev\u00ed a\u00f0 setja upp stj\u00f3rnkerfi\u00f0. Ef \u00feeir taka \u00fe\u00e1tt \u00ed \u00fev\u00ed, \u00fe\u00e1 geta \u00feeir svara\u00f0 af hverju stj\u00f3rnkerfi\u00f0 er eins og \u00fea\u00f0 er.\u201c&nbsp;<br>&nbsp;<br>\u00d6ryggism\u00e1lin eru einn helsti vaxtarbroddur \u00ed n\u00fdsk\u00f6pun og snjallv\u00e6\u00f0ingu \u00ed \u00e1lverum, en til \u00feess eru m.a. notu\u00f0 \u00f6pp, fars\u00edmaleikir og s\u00fdndarveruleiki. \u201eVi\u00f0 getum \u00fej\u00e1lfa\u00f0 starfsmenn \u00ed h\u00e6ttulegum a\u00f0st\u00e6\u00f0um \u00e1n \u00feess a\u00f0 setja \u00fe\u00e1 \u00ed a\u00f0st\u00e6\u00f0urnar,\u201c sag\u00f0i h\u00fan. \u201eS\u00fdnt hefur veri\u00f0 fram \u00e1 a\u00f0 33% meiri uppl\u00fdsingar sitja eftir vi\u00f0 a\u00f0 ganga \u00ed gegnum a\u00f0st\u00e6\u00f0ur \u00ed s\u00fdndarveruleika heldur en a\u00f0 horfa \u00e1 myndb\u00f6nd.\u201c<br>H\u00fan kynnti m.a. \u00fej\u00e1lfunarb\u00fana\u00f0 \u00ed s\u00fdndarveruleika sem hanna\u00f0ur var af Statnett, landsneti \u00feeirra Nor\u00f0manna, en \u00e1rsfundargestum gafst kostur \u00e1 a\u00f0 pr\u00f3fa \u00feann b\u00fana\u00f0 a\u00f0 fundi loknum. &nbsp;<br><br><strong>Heimsmarkmi\u00f0 Sameinu\u00f0u \u00fej\u00f3\u00f0anna<\/strong><br>\u00de\u00e1 r\u00fdndi Hrund Gunnsteinsd\u00f3ttir, framkv\u00e6mdastj\u00f3ri Festu, \u00ed \u00edslenskan \u00e1li\u00f0na\u00f0 og heimsmarkmi\u00f0 Sameinu\u00f0u \u00fej\u00f3\u00f0anna. H\u00fan sag\u00f0i heimsmarkmi\u00f0in fj\u00e1rfestingu \u00ed st\u00f3rum draumum. Til \u00feess a\u00f0 \u00feau gengju upp \u00feyrftu \u00feau a\u00f0 vera lei\u00f0arlj\u00f3s \u00ed stefnum\u00f3tun, n\u00fdsk\u00f6pun, v\u00edsinda\u00feekkingu og t\u00e6kni\u00fer\u00f3un samf\u00e9laga. Einnig kom h\u00fan inn \u00e1 sj\u00e1lfb\u00e6ra orku og n\u00fdsk\u00f6pun og uppbyggingu og nefndi sem d\u00e6mi um sj\u00e1lfb\u00e6ra \u00fer\u00f3un endurvinnslu \u00e1ls og hringr\u00e1sarhagkerfi\u00f0.<br>&nbsp;<br><a href=\"https:\/\/www.youtube.com\/watch?v=FVBQBWVwIkc\">H\u00e9r m\u00e1 hl\u00fd\u00f0a \u00e1 erindi Hrundar.&nbsp;<\/a><br>&nbsp;<br>\u201e\u00dea\u00f0 er margt til eftirbreytni \u00ed \u00e1li\u00f0na\u00f0i \u00feegar kemur a\u00f0 \u00fev\u00ed a\u00f0 endurvinna \u00e1l,\u201c sag\u00f0i Hrund og nefndi a\u00f0 hann v\u00e6ri innbl\u00e1stur fyrir n\u00fdsk\u00f6pun og t\u00e6kni\u00fer\u00f3un og v\u00edsindi \u00ed tengslum vi\u00f0 plast. \u201e\u00dea\u00f0 er \u00fea\u00f0 sem skiptir svo miklu m\u00e1li, a\u00f0 vi\u00f0 hugsum hvern i\u00f0na\u00f0 \u00feannig a\u00f0 vi\u00f0 erum l\u00edka a\u00f0 bl\u00e1sa \u00f6\u00f0rum \u00ed brj\u00f3st \u00ed \u00f6\u00f0rum geirum, til a\u00f0 breyta og b\u00e6ta hvernig vi\u00f0 gerum hlutina.\u201c<br>&nbsp;<br>H\u00fan sag\u00f0i spennandi a\u00f0 fylgjast me\u00f0 Elysis, \u00fer\u00f3unarverkefni \u00e1 kolefnislausum skautum sem er \u00ed farvegi hj\u00e1 Rio Tinto, Alcoa, Apple og kanad\u00edskum stj\u00f3rnv\u00f6ldum. En a\u00f0 lokum lag\u00f0i h\u00fan \u00e1herslu \u00e1 heimsmarkmi\u00f0i\u00f0 um n\u00fdsk\u00f6pun og uppbyggingu. \u201e\u00dea\u00f0 er n\u00fdsk\u00f6pun og t\u00e6kni\u00fer\u00f3un og v\u00edsinda\u00feekking sem mun hj\u00e1lpa okkur a\u00f0 m\u00e6ta heimsmarkmi\u00f0um Sameinu\u00f0u \u00fej\u00f3\u00f0anna og g\u00e6ta \u00feess a\u00f0 j\u00f6r\u00f0in okkar ver\u00f0i ekki steikt \u00e1 p\u00f6nnu.\u201c H\u00fan klykkti \u00fat me\u00f0 a\u00f0 v\u00edst g\u00e6tum vi\u00f0 haft \u00e1hrif sem einstaklingar, svo sem \u00e1 a\u00f0ra geira og menntun, &#8211; \u201eallt sem vi\u00f0 gerum hefur \u00e1hrif.\u201c&nbsp;<br>&nbsp;<br><strong>Afrakstur sprittkerta\u00e1taks \u00e1 loftslagsr\u00e1\u00f0stefnu<\/strong><br>\u00cd lok fundar f\u00f3r P\u00e9tur Bl\u00f6ndal, framkv\u00e6mdastj\u00f3ri Sam\u00e1ls, yfir endurvinnslu \u00e1ls og hringr\u00e1sarhagkerfi\u00f0 me\u00f0 \u00fev\u00ed a\u00f0 segja s\u00f6gu, \u00fear sem \u00f6ll \u00fej\u00f3\u00f0in kom vi\u00f0&nbsp;<\/p>\n\n\n\n<p><a href=\"https:\/\/www.youtube.com\/watch?v=AMZg-vmuBtg\">H\u00e9r m\u00e1 sj\u00e1 erindi P\u00e9turs.&nbsp;<\/a><\/p>\n\n\n\n<p>Hann rifja\u00f0i upp s\u00f6fnunar\u00e1tak sprittkerta, sem Sam\u00e1l \u00e1tti frumkv\u00e6\u00f0i a\u00f0, en \u00fev\u00ed \u00e1taki var hleypt af stokkunum fyrir j\u00f3lin 2017. Undirtektir almennings voru fr\u00e1b\u00e6rar og var\u00f0 \u00fea\u00f0 til \u00feess a\u00f0 s\u00f6fnun \u00e1ls \u00ed sprittkertum var\u00f0 varanlegur kostur \u00ed endurvinnslufl\u00f3ru landsmanna. \u00cd kj\u00f6lfari\u00f0 var \u00e1li\u00f0 br\u00e6tt af Al \u00e1lvinnslu, en \u00fea\u00f0 \u00fea\u00f0 fyrirt\u00e6ki endurvinnur \u00e1lgjalli\u00f0 sem til fellur \u00ed \u00e1lverum, breytir \u00fargangi \u00ed hr\u00e1efni. Svo voru fj\u00f6gur h\u00f6nnunarteymi fengin til a\u00f0 hanna hversdagsmuni \u00ed tilveruna \u00far endurunnu \u00e1li \u00ed samstarfi vi\u00f0 M\u00e1lmsteypuna Hellu, en \u00fea\u00f0 voru Sigga Heimis, Ingibj\u00f6rg Hanna, Olga \u00d3sk og Studio Portland. Var \u00fea\u00f0 efnivi\u00f0ur s\u00fdningarinnar #Endurvinnum\u00e1li\u00f0 \u00e1 afm\u00e6lisopnun H\u00f6nnunarmars.<br>&nbsp;<br>Um sumari\u00f0 vann svo st\u00f3ll af s\u00fdningunni, sem hanna\u00f0ur er af S\u00f6lva Kristj\u00e1nssyni hj\u00e1 Studio Portland, h\u00f6nnunarsamkeppni um sj\u00e1lfb\u00e6ra st\u00f3la \u00e1 vegum Norr\u00e6na r\u00e1\u00f0herrar\u00e1\u00f0sins. Sigurst\u00f3lar fr\u00e1 hverju Nor\u00f0urlandanna voru svo s\u00fdndir \u00e1 loftslagsr\u00e1\u00f0stefnunni \u00ed Katowice \u00ed desember og \u00ed Norr\u00e6na h\u00fasinu \u00e1 H\u00f6nnunarmars fyrr \u00e1 \u00feessu \u00e1ri. \u00deetta var \u00fev\u00ed saga sem f\u00f3r \u00ed hring hj\u00e1 P\u00e9tri og gott d\u00e6mi um \u00fea\u00f0 \u00feegar vel tekst til me\u00f0 hringr\u00e1sarhagkerfi\u00f0.<br>&nbsp;<br>\u00cd lok fundar afhenti svo P\u00e9tur a\u00f0standendum Studio Portland 340 \u00fe\u00fasund kr\u00f3na styrk til ger\u00f0ar listaverks sem r\u00edsa mun vi\u00f0 va\u00f0laugina \u00ed Hlj\u00f3msk\u00e1lagar\u00f0inum, en \u00fea\u00f0 ver\u00f0ur framleitt \u00far \u00e1li af M\u00e1lmsteypunni Hellu.<\/p>","protected":false},"excerpt":{"rendered":"<p>\u201e\u00c1l er hluti af lausninni\u201c var yfirskrift vel s\u00f3tts \u00e1rsfundar Sam\u00e1ls sem haldinn var \u00ed Kaldal\u00f3ni \u00ed H\u00f6rpu a\u00f0 morgni 9. ma\u00ed. Loftslagsm\u00e1lin voru \u00ed brennidepli og&nbsp;h\u00e9r m\u00e1 sj\u00e1 stutta samantekt fr\u00e1 fundinum um \u00feau. &nbsp;Fundargestum gafst kostur \u00e1 a\u00f0 sko\u00f0a n\u00fdjan rafb\u00edl Jaguar I-Pace og eins spreyta sig \u00e1 \u00f6ryggis\u00fej\u00e1lfun \u00ed s\u00fdndarveruleika, en \u00f6ryggism\u00e1lin [&hellip;]<\/p>","protected":false},"author":2,"featured_media":0,"comment_status":"open","ping_status":"open","sticky":false,"template":"","format":"standard","meta":{"site-sidebar-layout":"default","site-content-layout":"","ast-site-content-layout":"default","site-content-style":"default","site-sidebar-style":"default","ast-global-header-display":"","ast-banner-title-visibility":"","ast-main-header-display":"","ast-hfb-above-header-display":"","ast-hfb-below-header-display":"","ast-hfb-mobile-header-display":"","site-post-title":"","ast-breadcrumbs-content":"","ast-featured-img":"","footer-sml-layout":"","ast-disable-related-posts":"","theme-transparent-header-meta":"","adv-header-id-meta":"","stick-header-meta":"","header-above-stick-meta":"","header-main-stick-meta":"","header-below-stick-meta":"","astra-migrate-meta-layouts":"set","ast-page-background-enabled":"default","ast-page-background-meta":{"desktop":{"background-color":"","background-image":"","background-repeat":"repeat","background-position":"center center","background-size":"auto","background-attachment":"scroll","background-type":"","background-media":"","overlay-type":"","overlay-color":"","overlay-opacity":"","overlay-gradient":""},"tablet":{"background-color":"","background-image":"","background-repeat":"repeat","background-position":"center center","background-size":"auto","background-attachment":"scroll","background-type":"","background-media":"","overlay-type":"","overlay-color":"","overlay-opacity":"","overlay-gradient":""},"mobile":{"background-color":"","background-image":"","background-repeat":"repeat","background-position":"center center","background-size":"auto","background-attachment":"scroll","background-type":"","background-media":"","overlay-type":"","overlay-color":"","overlay-opacity":"","overlay-gradient":""}},"ast-content-background-meta":{"desktop":{"background-color":"var(--ast-global-color-5)","background-image":"","background-repeat":"repeat","background-position":"center center","background-size":"auto","background-attachment":"scroll","background-type":"","background-media":"","overlay-type":"","overlay-color":"","overlay-opacity":"","overlay-gradient":""},"tablet":{"background-color":"var(--ast-global-color-5)","background-image":"","background-repeat":"repeat","background-position":"center center","background-size":"auto","background-attachment":"scroll","background-type":"","background-media":"","overlay-type":"","overlay-color":"","overlay-opacity":"","overlay-gradient":""},"mobile":{"background-color":"var(--ast-global-color-5)","background-image":"","background-repeat":"repeat","background-position":"center center","background-size":"auto","background-attachment":"scroll","background-type":"","background-media":"","overlay-type":"","overlay-color":"","overlay-opacity":"","overlay-gradient":""}},"footnotes":""},"categories":[17,1],"tags":[],"class_list":["post-2079","post","type-post","status-publish","format-standard","hentry","category-arsfundir","category-oflokkad"],"_links":{"self":[{"href":"https:\/\/samal.is\/en\/wp-json\/wp\/v2\/posts\/2079","targetHints":{"allow":["GET"]}}],"collection":[{"href":"https:\/\/samal.is\/en\/wp-json\/wp\/v2\/posts"}],"about":[{"href":"https:\/\/samal.is\/en\/wp-json\/wp\/v2\/types\/post"}],"author":[{"embeddable":true,"href":"https:\/\/samal.is\/en\/wp-json\/wp\/v2\/users\/2"}],"replies":[{"embeddable":true,"href":"https:\/\/samal.is\/en\/wp-json\/wp\/v2\/comments?post=2079"}],"version-history":[{"count":1,"href":"https:\/\/samal.is\/en\/wp-json\/wp\/v2\/posts\/2079\/revisions"}],"predecessor-version":[{"id":2080,"href":"https:\/\/samal.is\/en\/wp-json\/wp\/v2\/posts\/2079\/revisions\/2080"}],"wp:attachment":[{"href":"https:\/\/samal.is\/en\/wp-json\/wp\/v2\/media?parent=2079"}],"wp:term":[{"taxonomy":"category","embeddable":true,"href":"https:\/\/samal.is\/en\/wp-json\/wp\/v2\/categories?post=2079"},{"taxonomy":"post_tag","embeddable":true,"href":"https:\/\/samal.is\/en\/wp-json\/wp\/v2\/tags?post=2079"}],"curies":[{"name":"wp","href":"https:\/\/api.w.org\/{rel}","templated":true}]}}