{"id":2087,"date":"2016-03-19T14:53:13","date_gmt":"2016-03-19T14:53:13","guid":{"rendered":"https:\/\/lightskyblue-grasshopper-667170.hostingersite.com\/?p=2087"},"modified":"2026-03-19T14:53:52","modified_gmt":"2026-03-19T14:53:52","slug":"arsfundur-2016-grunnstod-i-efnahagslifinu","status":"publish","type":"post","link":"https:\/\/samal.is\/en\/arsfundur-2016-grunnstod-i-efnahagslifinu\/","title":{"rendered":"\u00c1rsfundur 2016 &#8211; Grunnsto\u00f0 \u00ed efnahagsl\u00edfinu"},"content":{"rendered":"<p>Grunnsto\u00f0 \u00ed efnahagsl\u00edfinu er yfirskrift \u00e1rsfundar Sam\u00e1ls sem haldinn var 18. ma\u00ed \u00ed Kaldal\u00f3ni \u00ed H\u00f6rpu. \u201eMe\u00f0 \u00fev\u00ed er undirstrika\u00f0 a\u00f0 \u00e1li\u00f0na\u00f0ur skilar mikilv\u00e6gum gjaldeyristekjum \u00ed \u00fej\u00f3\u00f0arb\u00fai\u00f0 sem ein helsta \u00fatflutningsgrein \u00fej\u00f3\u00f0arinnar, kaup \u00e1 v\u00f6rum og \u00fej\u00f3nustu nema tugum milljar\u00f0a og renna til hundru\u00f0 fyrirt\u00e6kja og laun og opinber gj\u00f6ld&nbsp; yfir 20 millj\u00f6r\u00f0um,\u201c segir P\u00e9tur Bl\u00f6ndal, framkv\u00e6mdastj\u00f3ri Sam\u00e1ls. \u201e\u00deetta hefur \u00fdtt undir ver\u00f0m\u00e6task\u00f6pun og haft sveiflujafnandi \u00e1hrif \u00e1 \u00edslenskt efnahagsl\u00edf \u00ed \u00e1ratugi.\u201c<\/p>\n\n\n\n<p><a href=\"https:\/\/www.youtube.com\/watch?v=5-rew_pmUR8\">H\u00e9r m\u00e1 sj\u00e1 samantekt fr\u00e1 \u00e1rsfundi Sam\u00e1ls.<\/a><\/p>\n\n\n\n<h4 class=\"wp-block-heading\"><img decoding=\"async\" src=\"https:\/\/www.samal.is\/static\/files\/1605Arsfundur\/1605-arsfundur-litil-upplausn-magnus-kri_samal_160518_15.jpg\" alt=\"Magn\u00fas \u00de\u00f3r \u00c1smundsson flytur erindi \u00e1 \u00e1rsfundi Sam\u00e1ls.\"><\/h4>\n\n\n\n<p>Magn\u00fas \u00de\u00f3r \u00c1smundsson flytur erindi \u00e1 \u00e1rsfundi Sam\u00e1ls.<\/p>\n\n\n\n<h4 class=\"wp-block-heading\">\u00c1l mikilv\u00e6gara en nokkru sinni fyrr<\/h4>\n\n\n\n<p>\u201e\u00c1l er mikilv\u00e6gara en nokkru sinni fyrr\u201c var yfirskrift erindis Magn\u00fasar \u00de\u00f3rs \u00c1smundssonar stj\u00f3rnarformanns Sam\u00e1ls.&nbsp;\u00cd m\u00e1li hans kom fram a\u00f0 \u00edslensk&nbsp;\u00e1lver keyptu v\u00f6rur og \u00fej\u00f3nustu fyrir um 30 milljar\u00f0a \u00ed fyrra af hundru\u00f0um \u00edslenskra fyrirt\u00e6kja og alls n\u00e1mu innlend \u00fatgj\u00f6ld \u00e1lvera \u00e1 \u00cdslandi um 92 millj\u00f6r\u00f0um. \u00c1lverin framleiddu r\u00fam 858 \u00fe\u00fasund tonn af \u00e1li&nbsp;og \u00e1lafur\u00f0um \u00e1ri\u00f0 2015 og alls n\u00e1mu \u00fatflutningsver\u00f0m\u00e6tin um 237 millj\u00f6r\u00f0um.<br><br><a href=\"https:\/\/www.youtube.com\/watch?v=z4fWf40ECcg\">H\u00e9r er upptaka af r\u00e6\u00f0u Magn\u00fasar.<\/a><\/p>\n\n\n\n<h4 class=\"wp-block-heading\">Ver\u00f0m\u00e6task\u00f6pun og sveifluj\u00f6fnun \u00edslensks \u00e1li\u00f0na\u00f0ar<\/h4>\n\n\n\n<p>\u201e\u00dea\u00f0 var st\u00f3r vi\u00f0bur\u00f0ur \u00ed atvinnus\u00f6gu \u00cdslands \u00feegar \u00cdsal, fyrsta \u00e1lveri\u00f0 \u00e1 \u00cdslandi, h\u00f3f starfsemi \u00ed Straumsv\u00edk \u00e1ri\u00f0 1969 me\u00f0 33 \u00fe\u00fasund tonna framlei\u00f0slugetu \u00e1 \u00e1ri. \u00cdslendingar voru stoltir af \u00feessu i\u00f0juveri sem setti al\u00fej\u00f3\u00f0legan brag \u00e1 f\u00e1broti\u00f0 atvinnul\u00edfi\u00f0,\u201c sag\u00f0i Ragnhei\u00f0ur El\u00edn \u00c1rnad\u00f3ttir i\u00f0na\u00f0arr\u00e1\u00f0herra&nbsp;\u00ed \u00e1varpi s\u00ednu \u00e1 \u00e1rsfundi Sam\u00e1ls, sem&nbsp;<a href=\"https:\/\/www.atvinnuvegaraduneyti.is\/radherra\/raedur-og-greinar-REA\/avarp-radherra-a-arsfundi-samals-18-mai-2016\">lesa m\u00e1 \u00e1 vef&nbsp;vi\u00f0skipta- og i\u00f0na\u00f0arr\u00e1\u00f0uneytisins<\/a>.<\/p>\n\n\n\n<p>H\u00fan st\u00f3\u00f0st ekki m\u00e1ti\u00f0 og b\u00e6tti vi\u00f0: \u201e\u00dea\u00f0 var einnig mikilv\u00e6gur vitnisbur\u00f0ur um framfarahug \u00fej\u00f3\u00f0arinnar \u00fear sem \u00fea\u00f0 st\u00f3\u00f0 reisulegt vi\u00f0 Reykjanesbrautina \u00e1 lei\u00f0inni fr\u00e1 al\u00fej\u00f3\u00f0aflugvellinum til h\u00f6f\u00f0uborgarinnar.\u201c<\/p>\n\n\n\n<p>Ragnhei\u00f0ur El\u00edn \u00e6tti a\u00f0 \u00feekkja&nbsp;\u00e1lveri\u00f0 vel fr\u00e1 fer\u00f0um s\u00ednum til og fr\u00e1 heimilinu \u00ed Reykjanesb\u00e6.&nbsp;\u201e\u00c1l- og orkui\u00f0na\u00f0urinn hefur \u00e1 \u00feessum t\u00e6pu 50 \u00e1rum treyst grundv\u00f6ll \u00edslensks efnahagsl\u00edfs svo um munar, auki\u00f0 ver\u00f0m\u00e6task\u00f6pun \u00ed landinu og gert okkur betur kleift a\u00f0 takast \u00e1 vi\u00f0 ytri a\u00f0st\u00e6\u00f0ur og sveiflur \u00ed efnahagsl\u00edfinu.\u201c&nbsp;<\/p>\n\n\n\n<p>\u00de\u00e1 sag\u00f0i h\u00fan \u00e1 a\u00f0 broti\u00f0 hef\u00f0i veri\u00f0 bla\u00f0 me\u00f0 tilkomu \u00c1lklasans. \u201e\u00de\u00e1 var bl\u00e1si\u00f0 til s\u00f3knar \u00ed sk\u00f6pun n\u00fdrrar \u00feekkingar og n\u00fdrra afur\u00f0a og \u00fej\u00f3nustu \u00e1 svi\u00f0i efnist\u00e6kni og \u00e1ls. Me\u00f0 \u00e1lklasanum hafa skapast t\u00e6kif\u00e6ri fyrir frams\u00e6ki\u00f0 ranns\u00f3kna- og \u00fer\u00f3unarstarf me\u00f0 auknu samstarfi fyrirt\u00e6kja og h\u00e1sk\u00f3la og \u00f6flugri \u00fe\u00e1ttt\u00f6ku stofnana.\u201c<\/p>\n\n\n\n<p><a href=\"https:\/\/www.youtube.com\/watch?v=C1PH-YWk-9o\">H\u00e9r er upptaka af r\u00e6\u00f0u Ragnhei\u00f0ar El\u00ednar.<\/a><\/p>\n\n\n\n<h4 class=\"wp-block-heading\">Gr\u00e6n \u00e1lframlei\u00f0sla h\u00e6rra ver\u00f0l\u00f6g\u00f0 \u00ed framt\u00ed\u00f0inni<\/h4>\n\n\n\n<p>\u201eEnergy Drives Aluminium Into the Future\u201c var yfirskrift erindis Kellys Driscoll s\u00e9rfr\u00e6\u00f0ings fr\u00e1 greiningarfyrirt\u00e6kinu CRU. \u00dear r\u00e6ddi hann st\u00f6\u00f0u og horfur \u00ed \u00e1li\u00f0na\u00f0i \u00e1 heimsv\u00edsu. Hann sag\u00f0i me\u00f0al annars a\u00f0 v\u00f6xtur eftirspurnar yr\u00f0i \u00e1fram \u00f6flugur eftir \u00e1li og a\u00f0 \u00e1lver\u00f0 \u00e6tti eftir a\u00f0 fara h\u00e6kkandi innan f\u00e1rra \u00e1ra.&nbsp;\u00de\u00e1 kom fram a\u00f0 lykilforsendan \u00ed samkeppnish\u00e6fni \u00e1lvera v\u00e6ri raforkan.&nbsp;Hann l\u00fdsti \u00feeirri sko\u00f0un a\u00f0 \u00fea\u00f0 v\u00e6ri einungis t\u00edmaspursm\u00e1l hven\u00e6r h\u00e6gt yr\u00f0i a\u00f0&nbsp;marka\u00f0ssetja \u201egr\u00e6na\u201c \u00e1lframlei\u00f0slu \u00e1 h\u00e6rra ver\u00f0i \u00e1 lykilm\u00f6rku\u00f0um.<\/p>\n\n\n\n<p><a href=\"https:\/\/www.youtube.com\/watch?v=qa5BEfX5LqE\" target=\"_blank\" rel=\"noreferrer noopener\">H\u00e9r er upptaka af erindi Driscolls.<\/a><br><\/p>\n\n\n\n<h4 class=\"wp-block-heading\">\u00dearf a\u00f0 skapa hagst\u00e6tt umhverfi fyrir ranns\u00f3knir<\/h4>\n\n\n\n<p>\u201eEfnisverkfr\u00e6\u00f0i \u00e1 \u00cdslandi \u2013 horft til framt\u00ed\u00f0ar\u201c var yfirskrift erindis Gu\u00f0r\u00fanar S\u00e6varsd\u00f3ttur forseta t\u00e6kni- og verkfr\u00e6\u00f0ideildar H\u00e1sk\u00f3lans \u00ed Reykjav\u00edk. H\u00fan fjalla\u00f0i \u00ed erindi s\u00ednu&nbsp;um efnisfr\u00e6\u00f0i og efnisverkfr\u00e6\u00f0i og sag\u00f0i \u00fea\u00f0 lykilgreinar fyrir alla t\u00e6kni\u00fer\u00f3un \u00ed n\u00fat\u00edmasamf\u00e9lagi.<\/p>\n\n\n\n<p>\u00de\u00e1 kom h\u00fan inn \u00e1 m\u00f6guleika \u00e1 uppbyggingu kennslu og ranns\u00f3kna \u00e1 svi\u00f0inu, en til \u00feess yr\u00f0u stj\u00f3rnv\u00f6ld a\u00f0 skapa hagst\u00e6\u00f0 skilyr\u00f0i, \u00feannig a\u00f0 fyrirt\u00e6ki s\u00e6ju s\u00e9r hag \u00ed a\u00f0 styrkja ranns\u00f3knir og \u00fer\u00f3un h\u00e9r \u00e1 landi. Fram kom a\u00f0 umhverfi\u00f0 \u00ed Kanada v\u00e6ri til a\u00f0 mynda mun hagst\u00e6\u00f0ara fyrirt\u00e6kjum en h\u00e9r. Fyrir viki\u00f0 v\u00e6ri erfitt fyrir \u00edslenska h\u00e1sk\u00f3la a\u00f0 keppa um ranns\u00f3knar- og \u00fer\u00f3unarverkefni, sem v\u00e6ru \u00fe\u00f3 forsenda \u00f6flugs h\u00e1sk\u00f3lastarf og samkeppnish\u00e6fni \u00edslensks atvinnul\u00edfs.&nbsp;<br><br><a href=\"https:\/\/www.youtube.com\/watch?v=4fBYmbhTUkU\" target=\"_blank\" rel=\"noreferrer noopener\">H\u00e9r er upptaka af erindi Gu\u00f0r\u00fanar.<\/a><\/p>\n\n\n\n<h4 class=\"wp-block-heading\">Flutningskostna\u00f0ur raforku h\u00e6rri \u00e1 \u00cdslandi<\/h4>\n\n\n\n<p>\u201eBreytingar \u00e1 evr\u00f3pskum orkumarka\u00f0i \u2013 \u00e1hrif \u00feeirra \u00e1 samkeppnish\u00e6fni \u00cdslands\u201c var yfirskrift erindis Gunnars Tryggvasonar verkefnastj\u00f3ra hj\u00e1 KPMG.<\/p>\n\n\n\n<p>Hann ger\u00f0i skil \u00fer\u00f3un \u00e1 evr\u00f3pskum raforkumarka\u00f0i, sem hefur veri\u00f0 \u00fevert \u00e1 sp\u00e1r flestra greiningara\u00f0ila undanfarin \u00e1r og raforkuver\u00f0 l\u00e6kka\u00f0 t\u00f6luvert, b\u00e6\u00f0i \u00e1 Nor\u00f0url\u00f6ndum og \u00ed Evr\u00f3pu. Gunnar mun leita\u00f0ist vi\u00f0 a\u00f0 sk\u00fdra hvers vegna \u00fer\u00f3unin hefur veri\u00f0 me\u00f0 \u00feessum h\u00e6tti og hvers v\u00e6ri a\u00f0 v\u00e6nta. \u00de\u00e1 kom fram \u00ed m\u00e1li hans a\u00f0 flutningskostna\u00f0ur raforku v\u00e6ri h\u00e6rri h\u00e9r \u00e1 landi en v\u00ed\u00f0a erlendis, til a\u00f0 mynda yfir 50% h\u00e6rri en \u00ed Noregi, marka\u00f0i sem v\u00e6ri einna samb\u00e6rilegastur \u00feeim \u00edslenska.<\/p>\n\n\n\n<p><a href=\"https:\/\/www.youtube.com\/watch?v=IXH75ohBdmM\" target=\"_blank\" rel=\"noreferrer noopener\">H\u00e9r er upptaka af erindi Gunnars.&nbsp;<\/a><\/p>\n\n\n\n<h4 class=\"wp-block-heading\">\u00cdslenskir knattspyrnumenn \u00e1 k\u00f3kd\u00f3sum<\/h4>\n\n\n\n<p>\u201eCarbonated Drinks Love Aluminium\u201c var yfirskrift Carlos Cruz forstj\u00f3ra V\u00edfilfells.&nbsp;Hann ger\u00f0i grein fyrir mikilv\u00e6gi \u00e1ls fyrir&nbsp;afur\u00f0ir V\u00edfilfells, en \u00fea\u00f0 f\u00e6list me\u00f0al annars \u00ed l\u00e9ttleika, styrkleika efnisins, betri n\u00fdtingu&nbsp;vi\u00f0 flutninga og endurvinnslu umb\u00fa\u00f0anna, en&nbsp;reynslan s\u00fdndi a\u00f0&nbsp;h\u00e6rra hlutfall \u00e1ls&nbsp;v\u00e6ri endurn\u00fdtt en annarra efna. \u00de\u00e1&nbsp;frums\u00fdndi hann k\u00f3kd\u00f3sir me\u00f0 myndum af \u00edslenskum&nbsp;landsli\u00f0sm\u00f6nnum \u00ed knattspyrnu sem&nbsp;munu rata \u00ed b\u00fa\u00f0arhillur&nbsp;\u00feegar Evr\u00f3pum\u00f3ti\u00f0 \u00ed knattspyrnu hefst. &nbsp;<\/p>\n\n\n\n<p><a href=\"https:\/\/www.youtube.com\/watch?v=YhINLdDmz3Y\" target=\"_blank\" rel=\"noreferrer noopener\">H\u00e9r er upptaka af erindi Cruz.<\/a><\/p>\n\n\n\n<h4 class=\"wp-block-heading\">S\u00fdning \u00e1 v\u00f6rum og gripum M\u00e1lmsteypunnar Hellu<\/h4>\n\n\n\n<p>A\u00f0 loknum \u00e1rsfundi var opnu\u00f0 s\u00fdning \u00e1 v\u00f6rum og gripum sem framleiddir hafa veri\u00f0 af M\u00e1lmsteypunni Hellu og framlei\u00f0sluferlinu sj\u00e1lfu, en \u00fea\u00f0 \u00f6fluga fj\u00f6lskyldufyrirt\u00e6ki hefur um \u00e1ratugaskei\u00f0 framleitt hluti \u00far \u00e1li sem \u00fdmist eru frumframleiddir h\u00e9r \u00e1 landi e\u00f0a endurunnir \u00far notu\u00f0u \u00e1li. \u00dea\u00f0 var vel vi\u00f0 h\u00e6fi a\u00f0 margar kynsl\u00f3\u00f0ir komu a\u00f0 uppsetningu s\u00fdningarinnar, \u00fear me\u00f0 tali\u00f0 a\u00f0 \u00fev\u00ed a\u00f0 baka p\u00f6nnuk\u00f6kur \u2013 au\u00f0vita\u00f0 \u00e1 p\u00f6nnuk\u00f6kup\u00f6nnum fr\u00e1 M\u00e1lmsteypunni Hellu.<br><br><a href=\"https:\/\/www.youtube.com\/watch?v=6MqIR85_w_8\">H\u00e9r<\/a>&nbsp;m\u00e1 sko\u00f0a myndskei\u00f0 sem s\u00fdnt var \u00e1 \u00e1rsfundinum og s\u00fdnir vel merkilega s\u00f6gu M\u00e1lmsteypunnar Hellu.<\/p>\n\n\n\n<p><a href=\"https:\/\/www.youtube.com\/watch?v=v6zPsNeqfQU\" target=\"_blank\" rel=\"noreferrer noopener\">H\u00e9r<\/a>&nbsp;m\u00e1 sj\u00e1 myndskei\u00f0 um h\u00f6nnun ver\u00f0launagrips \u00ed S\u00f6ngkeppni framhaldssk\u00f3lanna, sem unninn var \u00ed samstarfi Gar\u00f0ars Eyj\u00f3lfssonar lektors vi\u00f0 LH\u00cd og M\u00e1lmsteypunnar Hellu, en \u00fea\u00f0 var Sam\u00e1l sem st\u00f3\u00f0 straum af kostna\u00f0i vi\u00f0 h\u00f6nnun og framlei\u00f0slu ver\u00f0launagripsins.<\/p>","protected":false},"excerpt":{"rendered":"<p>Grunnsto\u00f0 \u00ed efnahagsl\u00edfinu er yfirskrift \u00e1rsfundar Sam\u00e1ls sem haldinn var 18. ma\u00ed \u00ed Kaldal\u00f3ni \u00ed H\u00f6rpu. \u201eMe\u00f0 \u00fev\u00ed er undirstrika\u00f0 a\u00f0 \u00e1li\u00f0na\u00f0ur skilar mikilv\u00e6gum gjaldeyristekjum \u00ed \u00fej\u00f3\u00f0arb\u00fai\u00f0 sem ein helsta \u00fatflutningsgrein \u00fej\u00f3\u00f0arinnar, kaup \u00e1 v\u00f6rum og \u00fej\u00f3nustu nema tugum milljar\u00f0a og renna til hundru\u00f0 fyrirt\u00e6kja og laun og opinber gj\u00f6ld&nbsp; yfir 20 millj\u00f6r\u00f0um,\u201c segir P\u00e9tur [&hellip;]<\/p>","protected":false},"author":2,"featured_media":0,"comment_status":"open","ping_status":"open","sticky":false,"template":"","format":"standard","meta":{"site-sidebar-layout":"default","site-content-layout":"","ast-site-content-layout":"default","site-content-style":"default","site-sidebar-style":"default","ast-global-header-display":"","ast-banner-title-visibility":"","ast-main-header-display":"","ast-hfb-above-header-display":"","ast-hfb-below-header-display":"","ast-hfb-mobile-header-display":"","site-post-title":"","ast-breadcrumbs-content":"","ast-featured-img":"","footer-sml-layout":"","ast-disable-related-posts":"","theme-transparent-header-meta":"","adv-header-id-meta":"","stick-header-meta":"","header-above-stick-meta":"","header-main-stick-meta":"","header-below-stick-meta":"","astra-migrate-meta-layouts":"set","ast-page-background-enabled":"default","ast-page-background-meta":{"desktop":{"background-color":"","background-image":"","background-repeat":"repeat","background-position":"center center","background-size":"auto","background-attachment":"scroll","background-type":"","background-media":"","overlay-type":"","overlay-color":"","overlay-opacity":"","overlay-gradient":""},"tablet":{"background-color":"","background-image":"","background-repeat":"repeat","background-position":"center center","background-size":"auto","background-attachment":"scroll","background-type":"","background-media":"","overlay-type":"","overlay-color":"","overlay-opacity":"","overlay-gradient":""},"mobile":{"background-color":"","background-image":"","background-repeat":"repeat","background-position":"center center","background-size":"auto","background-attachment":"scroll","background-type":"","background-media":"","overlay-type":"","overlay-color":"","overlay-opacity":"","overlay-gradient":""}},"ast-content-background-meta":{"desktop":{"background-color":"var(--ast-global-color-5)","background-image":"","background-repeat":"repeat","background-position":"center center","background-size":"auto","background-attachment":"scroll","background-type":"","background-media":"","overlay-type":"","overlay-color":"","overlay-opacity":"","overlay-gradient":""},"tablet":{"background-color":"var(--ast-global-color-5)","background-image":"","background-repeat":"repeat","background-position":"center center","background-size":"auto","background-attachment":"scroll","background-type":"","background-media":"","overlay-type":"","overlay-color":"","overlay-opacity":"","overlay-gradient":""},"mobile":{"background-color":"var(--ast-global-color-5)","background-image":"","background-repeat":"repeat","background-position":"center center","background-size":"auto","background-attachment":"scroll","background-type":"","background-media":"","overlay-type":"","overlay-color":"","overlay-opacity":"","overlay-gradient":""}},"footnotes":""},"categories":[17],"tags":[],"class_list":["post-2087","post","type-post","status-publish","format-standard","hentry","category-arsfundir"],"_links":{"self":[{"href":"https:\/\/samal.is\/en\/wp-json\/wp\/v2\/posts\/2087","targetHints":{"allow":["GET"]}}],"collection":[{"href":"https:\/\/samal.is\/en\/wp-json\/wp\/v2\/posts"}],"about":[{"href":"https:\/\/samal.is\/en\/wp-json\/wp\/v2\/types\/post"}],"author":[{"embeddable":true,"href":"https:\/\/samal.is\/en\/wp-json\/wp\/v2\/users\/2"}],"replies":[{"embeddable":true,"href":"https:\/\/samal.is\/en\/wp-json\/wp\/v2\/comments?post=2087"}],"version-history":[{"count":1,"href":"https:\/\/samal.is\/en\/wp-json\/wp\/v2\/posts\/2087\/revisions"}],"predecessor-version":[{"id":2088,"href":"https:\/\/samal.is\/en\/wp-json\/wp\/v2\/posts\/2087\/revisions\/2088"}],"wp:attachment":[{"href":"https:\/\/samal.is\/en\/wp-json\/wp\/v2\/media?parent=2087"}],"wp:term":[{"taxonomy":"category","embeddable":true,"href":"https:\/\/samal.is\/en\/wp-json\/wp\/v2\/categories?post=2087"},{"taxonomy":"post_tag","embeddable":true,"href":"https:\/\/samal.is\/en\/wp-json\/wp\/v2\/tags?post=2087"}],"curies":[{"name":"wp","href":"https:\/\/api.w.org\/{rel}","templated":true}]}}